{"id":5981,"date":"2019-08-03T09:59:00","date_gmt":"2019-08-03T07:59:00","guid":{"rendered":"https:\/\/kastela.hr\/en\/2019\/08\/03\/cestitka-povodom-dana-pobjede-domovinske-zahvalnosti-i-dana-hrvatskih-branitelja-4\/"},"modified":"2024-08-29T10:48:22","modified_gmt":"2024-08-29T08:48:22","slug":"cestitka-povodom-dana-pobjede-domovinske-zahvalnosti-i-dana-hrvatskih-branitelja-4","status":"publish","type":"post","link":"https:\/\/kastela.hr\/en\/2019\/08\/03\/cestitka-povodom-dana-pobjede-domovinske-zahvalnosti-i-dana-hrvatskih-branitelja-4\/","title":{"rendered":"\u010cestitka povodom Dana pobjede, domovinske zahvalnosti i Dana hrvatskih branitelja"},"content":{"rendered":"<p>Po\u0161tovane Ka\u0161telanke i Ka\u0161telani, upu\u0107ujemo vam \u010destitke povodom obilje\u017eavanja Dana pobjede, domovinske zahvalnosti i Dana hrvatskih branitelja, te 24. obljetnice Vojno-redarstvene operacije Oluja!<\/p>\n<p>Hrvatski branitelji su u Oluji pokazali agresoru, ali i svijetu da je \u017eelja naroda da \u017eivi u slobodi nepobjediva i neuni\u0161tiva. Oni su snagom oru\u017eja, ali jo\u0161 i vi\u0161e mudrom vojnom taktikom i snagom srca Hrvatskoj donijeli najljep\u0161i mogu\u0107i poklon &ndash; mir i slobodu. Vratili su joj sigurnost, stabilnost i cjelovitost dr\u017eavnog teritorija te time otvorili vrata razvoju i napretku.<\/p>\n<p>Proslavimo dostojanstveno ovaj veliki dan!<\/p>\n<p><strong>Gradona\u010delnik Ka\u0161tela<\/strong><br \/>\nDenis Ivanovi\u0107<\/p>\n<p><strong>Predsjednik Gradskog vije\u0107a<\/strong><br \/>\nIvan Udovi\u010di\u0107<\/p>\n<p>&nbsp;<\/p>\n","protected":false},"excerpt":{"rendered":"<p>Po\u0161tovane Ka\u0161telanke i Ka\u0161telani, upu\u0107ujemo vam \u010destitke povodom obilje\u017eavanja Dana pobjede, domovinske zahvalnosti i Dana hrvatskih branitelja, te 24. obljetnice [&hellip;]<\/p>\n","protected":false},"author":7,"featured_media":5982,"comment_status":"closed","ping_status":"open","sticky":false,"template":"","format":"standard","meta":{"_acf_changed":false,"footnotes":""},"categories":[1],"tags":[],"class_list":["post-5981","post","type-post","status-publish","format-standard","has-post-thumbnail","hentry","category-novosti"],"acf":[],"_links":{"self":[{"href":"https:\/\/kastela.hr\/en\/wp-json\/wp\/v2\/posts\/5981","targetHints":{"allow":["GET"]}}],"collection":[{"href":"https:\/\/kastela.hr\/en\/wp-json\/wp\/v2\/posts"}],"about":[{"href":"https:\/\/kastela.hr\/en\/wp-json\/wp\/v2\/types\/post"}],"author":[{"embeddable":true,"href":"https:\/\/kastela.hr\/en\/wp-json\/wp\/v2\/users\/7"}],"replies":[{"embeddable":true,"href":"https:\/\/kastela.hr\/en\/wp-json\/wp\/v2\/comments?post=5981"}],"version-history":[{"count":1,"href":"https:\/\/kastela.hr\/en\/wp-json\/wp\/v2\/posts\/5981\/revisions"}],"predecessor-version":[{"id":7212,"href":"https:\/\/kastela.hr\/en\/wp-json\/wp\/v2\/posts\/5981\/revisions\/7212"}],"wp:featuredmedia":[{"embeddable":true,"href":"https:\/\/kastela.hr\/en\/wp-json\/wp\/v2\/media\/5982"}],"wp:attachment":[{"href":"https:\/\/kastela.hr\/en\/wp-json\/wp\/v2\/media?parent=5981"}],"wp:term":[{"taxonomy":"category","embeddable":true,"href":"https:\/\/kastela.hr\/en\/wp-json\/wp\/v2\/categories?post=5981"},{"taxonomy":"post_tag","embeddable":true,"href":"https:\/\/kastela.hr\/en\/wp-json\/wp\/v2\/tags?post=5981"}],"curies":[{"name":"wp","href":"https:\/\/api.w.org\/{rel}","templated":true}]}}