{"id":5965,"date":"2019-08-04T09:58:00","date_gmt":"2019-08-04T07:58:00","guid":{"rendered":"https:\/\/kastela.hr\/en\/2019\/08\/04\/ministrica-za-demografiju-obitelj-mlade-i-socijalnu-politiku-vesna-bedekovic-u-radnom-posjetu-kastelima\/"},"modified":"2024-08-29T10:48:22","modified_gmt":"2024-08-29T08:48:22","slug":"ministrica-za-demografiju-obitelj-mlade-i-socijalnu-politiku-vesna-bedekovic-u-radnom-posjetu-kastelima","status":"publish","type":"post","link":"https:\/\/kastela.hr\/en\/2019\/08\/04\/ministrica-za-demografiju-obitelj-mlade-i-socijalnu-politiku-vesna-bedekovic-u-radnom-posjetu-kastelima\/","title":{"rendered":"Ministrica za demografiju, obitelj, mlade i socijalnu politiku Vesna Bedekovi\u0107 u radnom posjetu Ka\u0161telima"},"content":{"rendered":"<p>Vesna Bedekovi\u0107, ministrica za demografiju, obitelj, mlade i socijalnu politiku za svoj prvi slu\u017ebeni radni posjet odabrala je Ka\u0161tela. Ove nedjelje najprije je posjetila Udrugu sveti Jeronim u Ka\u0161tel Gomilici gdje su je do\u010dekali predstavnici Grada Ka\u0161tela na \u010delu s gradona\u010delnikom Denisom Ivanovi\u0107em i njegovom zamjenicom Jadrankom Matok Bosan\u010di\u0107, saborskim zastupnikom Antom&nbsp;Sanaderom te predstavnicima udruge.<\/p>\n<p>Gradona\u010delnik Ivanovi\u0107 upoznao je ministricu s najnovijim podacima Dr\u017eavnog zavoda za statistiku koji govore da su se Ka\u0161tela smjestila na drugo mjesto u Republici Hrvatskoj me\u0111u gradovima po prirodnom prirastu stanovni\u0161tva \u010demu su, izme\u0111u ostalog, doprinijele i brojne demografske mjere koje se provode na lokalnoj razini<\/p>\n<p>&#8211; Jo\u0161 2017. godine bili smo na tre\u0107em mjestu, a podaci za 2018. pokazuju da su Ka\u0161tela zasjela na drugo mjesto po prirodnom prirastu stanovni\u0161tva. Nadam se da su i na\u0161e mjere koje smo donijeli u protekle dvije godine utjecale na pove\u0107anje broja ro\u0111ene djece tako da i dalje nastavljamo tim tempom. Naravno to podrazumijeva brigu i o najpotrebnijima, prvenstveno prema besku\u0107nicima i starijim osobama o kojima skrbi Udruga sveti Jeronim provode\u0107i razli\u010dite programe &ndash; kazao je gradona\u010delnik Ivanovi\u0107 koji je prije 16 godina osnovao spomenutu udrugu.<\/p>\n<p>Predsjednik Udruge sveti Jeronim Sre\u0107ko Radan naglasio je da udruga provodi programe poput pomo\u0107i u ku\u0107i starijim i nemo\u0107nim osobama, vodi preno\u0107i\u0161te za besku\u0107nike, program &bdquo;Dan po dan do socijalne uklju\u010denosti&ldquo; u suradnji s ministarstvom, dnevni boravak za starije osobe, rad s djecom kroz dramske i likovne radionice, te kulturno &ndash; umjetni\u010dki amaterizam, odnosno klapu Sveti Jeronim. Nedavno je udruga dobila jo\u0161 jedan natje\u010daj &bdquo;Za uspjeh nije nikad kasno&ldquo; gdje \u0107e kroz dnevne radionice korisnici preno\u0107i\u0161ta imati odgovaraju\u0107e osposobljavanje za neka zanimanja poput pomo\u0107nih kuhara ili slikara.<\/p>\n<p>Ministrica Vesna Bedekovi\u0107 zahvalila je gradona\u010delniku na provedbi brojnih demografskih mjera i \u010destitala Udruzi sveti Jeronim na pro\u0161logodi\u0161njoj dr\u017eavnoj nagradi ministarstva koju su primili za svoj humanitarni rad<\/p>\n<p>&#8211; Ova udruga bavi se provedbom \u010ditave lepeze razli\u010ditih usluga koje su usmjerene na pobolj\u0161anje kvalitete \u017eivota svih onih koji su u potrebi zbog \u010dega ministarstvo sufinancira rad udruge sveti Jeronim kroz trogodi\u0161nji ugovor na godi\u0161njoj razini u iznosu od 160 tisu\u0107a kuna, a dodatnim iznosom sufinanciraju se programi dnevnog boravka i vo\u0111enja preno\u0107i\u0161ta za besku\u0107nike. Osobito me veseli \u0161to sam za svoj prvi slu\u017ebeni posjet odabrala grad koji se nalazi na drugom mjestu po prirodnom prirastu \u0161to je dokaz da ministarstvo demografije, mladih i socijalne politike ima jako puno dobrih projekata i aktivnosti koje \u0107e osna\u017eivati ostanak mladih obitelji u Hrvatskoj &ndash; kazala je ministrica Bedekovi\u0107 koja je na kraju posjeta zapjevala zajedno s gradona\u010delnikom i klapom Sveti Jeronim te razgovarala s korisnicima programa udruge.<\/p>\n<p>U pratnji predstavnika Grada Ka\u0161tela i dr\u017eavne tajnice Marije Pletikosa, ministrica se zatim uputila u Centar za rehabilitaciju &bdquo;MIR&ldquo; u Rudinama. Rije\u010d je o javnoj ustanovi socijalne skrbi koja smje\u0161tajno i rehabilitacijski zbrinjava osobe (djecu, mlade\u017e i odrasle) s intelektualnim te\u0161ko\u0107ama&nbsp; i pridru\u017eenim smetnjama. Suzana Bla\u017eevi\u0107 iz Centra Mir upoznala je ministricu s razli\u010ditim aktivnostima i programima koje centar provodi, a na kraju svog posjeta Ka\u0161telima ministrica je obi\u0161la stambeno naselje u kojem korisnici \u017eive po modelu obiteljske zajednice. &nbsp;<\/p>\n<p>&nbsp;<\/p>\n<p>&nbsp;<\/p>\n","protected":false},"excerpt":{"rendered":"<p>Vesna Bedekovi\u0107, ministrica za demografiju, obitelj, mlade i socijalnu politiku za svoj prvi slu\u017ebeni radni posjet odabrala je Ka\u0161tela. Ove [&hellip;]<\/p>\n","protected":false},"author":7,"featured_media":5966,"comment_status":"closed","ping_status":"open","sticky":false,"template":"","format":"standard","meta":{"_acf_changed":false,"footnotes":""},"categories":[1],"tags":[],"class_list":["post-5965","post","type-post","status-publish","format-standard","has-post-thumbnail","hentry","category-novosti"],"acf":[],"_links":{"self":[{"href":"https:\/\/kastela.hr\/en\/wp-json\/wp\/v2\/posts\/5965","targetHints":{"allow":["GET"]}}],"collection":[{"href":"https:\/\/kastela.hr\/en\/wp-json\/wp\/v2\/posts"}],"about":[{"href":"https:\/\/kastela.hr\/en\/wp-json\/wp\/v2\/types\/post"}],"author":[{"embeddable":true,"href":"https:\/\/kastela.hr\/en\/wp-json\/wp\/v2\/users\/7"}],"replies":[{"embeddable":true,"href":"https:\/\/kastela.hr\/en\/wp-json\/wp\/v2\/comments?post=5965"}],"version-history":[{"count":1,"href":"https:\/\/kastela.hr\/en\/wp-json\/wp\/v2\/posts\/5965\/revisions"}],"predecessor-version":[{"id":7211,"href":"https:\/\/kastela.hr\/en\/wp-json\/wp\/v2\/posts\/5965\/revisions\/7211"}],"wp:featuredmedia":[{"embeddable":true,"href":"https:\/\/kastela.hr\/en\/wp-json\/wp\/v2\/media\/5966"}],"wp:attachment":[{"href":"https:\/\/kastela.hr\/en\/wp-json\/wp\/v2\/media?parent=5965"}],"wp:term":[{"taxonomy":"category","embeddable":true,"href":"https:\/\/kastela.hr\/en\/wp-json\/wp\/v2\/categories?post=5965"},{"taxonomy":"post_tag","embeddable":true,"href":"https:\/\/kastela.hr\/en\/wp-json\/wp\/v2\/tags?post=5965"}],"curies":[{"name":"wp","href":"https:\/\/api.w.org\/{rel}","templated":true}]}}