{"id":5962,"date":"2019-08-06T04:00:00","date_gmt":"2019-08-06T02:00:00","guid":{"rendered":"https:\/\/kastela.hr\/en\/2019\/08\/06\/vecer-klasicne-glazbe-u-kastel-gomilici-i-duhovnih-sansona-u-kastel-novom\/"},"modified":"2024-08-29T10:48:12","modified_gmt":"2024-08-29T08:48:12","slug":"vecer-klasicne-glazbe-u-kastel-gomilici-i-duhovnih-sansona-u-kastel-novom","status":"publish","type":"post","link":"https:\/\/kastela.hr\/en\/2019\/08\/06\/vecer-klasicne-glazbe-u-kastel-gomilici-i-duhovnih-sansona-u-kastel-novom\/","title":{"rendered":"Ve\u010der klasi\u010dne glazbe u Ka\u0161tel Gomilici i duhovnih \u0161ansona u Ka\u0161tel Novom"},"content":{"rendered":"<p>U okviru programa Ka\u0161telanskog kulturnog ljeta ve\u010deras, 6. kolovoza na rasporedu su Ve\u010deri kod Svetog Jeronima uz nastup ansambla Ars Longa koji izvode glazbu iz razdoblja baroka na originalnim instrumentima. Doga\u0111anje po\u010dinje u 20:30 sati pred starom crkvom svetog Jeronima u Ka\u0161tel Gomilici u organizaciji Udruge sveti Jeronim<\/p>\n<p>U 20 sati na rasporedu je Ve\u010der duhovnih \u0161ansona na brcu u Ka\u0161tel Novom u organizaciji \u017eupe Ka\u0161tel Novi i Turisti\u010dke zajednice Ka\u0161tela<\/p>\n<p>&nbsp;<\/p>\n<p>&nbsp;<\/p>\n<p>&nbsp;<\/p>\n","protected":false},"excerpt":{"rendered":"<p>U okviru programa Ka\u0161telanskog kulturnog ljeta ve\u010deras, 6. kolovoza na rasporedu su Ve\u010deri kod Svetog Jeronima uz nastup ansambla Ars [&hellip;]<\/p>\n","protected":false},"author":7,"featured_media":5963,"comment_status":"closed","ping_status":"open","sticky":false,"template":"","format":"standard","meta":{"_acf_changed":false,"footnotes":""},"categories":[1],"tags":[],"class_list":["post-5962","post","type-post","status-publish","format-standard","has-post-thumbnail","hentry","category-novosti"],"acf":[],"_links":{"self":[{"href":"https:\/\/kastela.hr\/en\/wp-json\/wp\/v2\/posts\/5962","targetHints":{"allow":["GET"]}}],"collection":[{"href":"https:\/\/kastela.hr\/en\/wp-json\/wp\/v2\/posts"}],"about":[{"href":"https:\/\/kastela.hr\/en\/wp-json\/wp\/v2\/types\/post"}],"author":[{"embeddable":true,"href":"https:\/\/kastela.hr\/en\/wp-json\/wp\/v2\/users\/7"}],"replies":[{"embeddable":true,"href":"https:\/\/kastela.hr\/en\/wp-json\/wp\/v2\/comments?post=5962"}],"version-history":[{"count":1,"href":"https:\/\/kastela.hr\/en\/wp-json\/wp\/v2\/posts\/5962\/revisions"}],"predecessor-version":[{"id":7210,"href":"https:\/\/kastela.hr\/en\/wp-json\/wp\/v2\/posts\/5962\/revisions\/7210"}],"wp:featuredmedia":[{"embeddable":true,"href":"https:\/\/kastela.hr\/en\/wp-json\/wp\/v2\/media\/5963"}],"wp:attachment":[{"href":"https:\/\/kastela.hr\/en\/wp-json\/wp\/v2\/media?parent=5962"}],"wp:term":[{"taxonomy":"category","embeddable":true,"href":"https:\/\/kastela.hr\/en\/wp-json\/wp\/v2\/categories?post=5962"},{"taxonomy":"post_tag","embeddable":true,"href":"https:\/\/kastela.hr\/en\/wp-json\/wp\/v2\/tags?post=5962"}],"curies":[{"name":"wp","href":"https:\/\/api.w.org\/{rel}","templated":true}]}}