{"id":5959,"date":"2019-08-07T03:43:00","date_gmt":"2019-08-07T01:43:00","guid":{"rendered":"https:\/\/kastela.hr\/en\/2019\/08\/07\/projekcija-ljubavnih-filmova-u-dvorcu-rusinac\/"},"modified":"2024-08-29T10:48:12","modified_gmt":"2024-08-29T08:48:12","slug":"projekcija-ljubavnih-filmova-u-dvorcu-rusinac","status":"publish","type":"post","link":"https:\/\/kastela.hr\/en\/2019\/08\/07\/projekcija-ljubavnih-filmova-u-dvorcu-rusinac\/","title":{"rendered":"Projekcija ljubavnih filmova u dvorcu Ru\u0161inac"},"content":{"rendered":"<p>U okviru manifestacije &bdquo;Legenda o Miljenku i Dobrili&ldquo; koja se odvija u sklopu&nbsp;Ka\u0161telanskog kulturnog ljeta, ove srijede i \u010detvrtka 7. i 8. kolovoza svi koji vole ljubavne filmove mo\u0107i \u0107e pogledati projekcije na otvorenom koje \u0107e se pod nazivom &bdquo;Romantika pod zvijezdama&ldquo; s po\u010detkom u 21 sat odr\u017eati u dvorcu Ru\u0161inac u Ka\u0161tel Luk\u0161i\u0107u. U srijedu \u0107e bit prikazana &bdquo;Pisma Juliji&ldquo; i &bdquo;Bezvremenska Adaline&ldquo; dok \u0107e u \u010detvrtak posjetitelji u\u017eivati u romanti\u010dnoj drami &bdquo;Sve \u0161to \u017eelim si ti&ldquo; i &bdquo;Hvala ti za ljubav&ldquo;.<\/p>\n","protected":false},"excerpt":{"rendered":"<p>U okviru manifestacije &bdquo;Legenda o Miljenku i Dobrili&ldquo; koja se odvija u sklopu&nbsp;Ka\u0161telanskog kulturnog ljeta, ove srijede i \u010detvrtka 7. [&hellip;]<\/p>\n","protected":false},"author":7,"featured_media":5960,"comment_status":"closed","ping_status":"open","sticky":false,"template":"","format":"standard","meta":{"_acf_changed":false,"footnotes":""},"categories":[1],"tags":[],"class_list":["post-5959","post","type-post","status-publish","format-standard","has-post-thumbnail","hentry","category-novosti"],"acf":[],"_links":{"self":[{"href":"https:\/\/kastela.hr\/en\/wp-json\/wp\/v2\/posts\/5959","targetHints":{"allow":["GET"]}}],"collection":[{"href":"https:\/\/kastela.hr\/en\/wp-json\/wp\/v2\/posts"}],"about":[{"href":"https:\/\/kastela.hr\/en\/wp-json\/wp\/v2\/types\/post"}],"author":[{"embeddable":true,"href":"https:\/\/kastela.hr\/en\/wp-json\/wp\/v2\/users\/7"}],"replies":[{"embeddable":true,"href":"https:\/\/kastela.hr\/en\/wp-json\/wp\/v2\/comments?post=5959"}],"version-history":[{"count":1,"href":"https:\/\/kastela.hr\/en\/wp-json\/wp\/v2\/posts\/5959\/revisions"}],"predecessor-version":[{"id":7209,"href":"https:\/\/kastela.hr\/en\/wp-json\/wp\/v2\/posts\/5959\/revisions\/7209"}],"wp:featuredmedia":[{"embeddable":true,"href":"https:\/\/kastela.hr\/en\/wp-json\/wp\/v2\/media\/5960"}],"wp:attachment":[{"href":"https:\/\/kastela.hr\/en\/wp-json\/wp\/v2\/media?parent=5959"}],"wp:term":[{"taxonomy":"category","embeddable":true,"href":"https:\/\/kastela.hr\/en\/wp-json\/wp\/v2\/categories?post=5959"},{"taxonomy":"post_tag","embeddable":true,"href":"https:\/\/kastela.hr\/en\/wp-json\/wp\/v2\/tags?post=5959"}],"curies":[{"name":"wp","href":"https:\/\/api.w.org\/{rel}","templated":true}]}}