{"id":5953,"date":"2019-08-13T04:05:00","date_gmt":"2019-08-13T02:05:00","guid":{"rendered":"https:\/\/kastela.hr\/en\/2019\/08\/13\/solisticki-gitaristicki-koncert-i-glazbeno-poetski-recital-u-dvorcu-vitturi\/"},"modified":"2024-08-29T10:48:12","modified_gmt":"2024-08-29T08:48:12","slug":"solisticki-gitaristicki-koncert-i-glazbeno-poetski-recital-u-dvorcu-vitturi","status":"publish","type":"post","link":"https:\/\/kastela.hr\/en\/2019\/08\/13\/solisticki-gitaristicki-koncert-i-glazbeno-poetski-recital-u-dvorcu-vitturi\/","title":{"rendered":"Solisti\u010dki gitaristi\u010dki koncert i glazbeno poetski recital u dvorcu Vitturi"},"content":{"rendered":"<p>U okviru programa Ka\u0161telanskog kulturnog ljeta, ovoga utorka 13. kolovoza, na rasporedu je solisti\u010dki gitaristi\u010dki koncert Filipa Mi\u0161kovi\u0107a s po\u010detkom u 20 sati u dvorcu Vitturi u Ka\u0161tel Luk\u0161i\u0107u.<\/p>\n<p>U srijedu, 14. kolovoza, odr\u017eat \u0107e se glazbeno poetski recital &bdquo;Igre u suton&ldquo; posve\u0107en Mediteranu, a izvode ga&nbsp;Silvane Stani\u0107 i Igor Paro s po\u010detkom u 21 sat u dvorcu Vitturi u Ka\u0161tel Luk\u0161i\u0107u. Organizator ovih doga\u0111anja je Grad Ka\u0161tela, a ulaz je slobodan.<\/p>\n","protected":false},"excerpt":{"rendered":"<p>U okviru programa Ka\u0161telanskog kulturnog ljeta, ovoga utorka 13. kolovoza, na rasporedu je solisti\u010dki gitaristi\u010dki koncert Filipa Mi\u0161kovi\u0107a s po\u010detkom [&hellip;]<\/p>\n","protected":false},"author":7,"featured_media":5954,"comment_status":"closed","ping_status":"open","sticky":false,"template":"","format":"standard","meta":{"_acf_changed":false,"footnotes":""},"categories":[1],"tags":[],"class_list":["post-5953","post","type-post","status-publish","format-standard","has-post-thumbnail","hentry","category-novosti"],"acf":[],"_links":{"self":[{"href":"https:\/\/kastela.hr\/en\/wp-json\/wp\/v2\/posts\/5953","targetHints":{"allow":["GET"]}}],"collection":[{"href":"https:\/\/kastela.hr\/en\/wp-json\/wp\/v2\/posts"}],"about":[{"href":"https:\/\/kastela.hr\/en\/wp-json\/wp\/v2\/types\/post"}],"author":[{"embeddable":true,"href":"https:\/\/kastela.hr\/en\/wp-json\/wp\/v2\/users\/7"}],"replies":[{"embeddable":true,"href":"https:\/\/kastela.hr\/en\/wp-json\/wp\/v2\/comments?post=5953"}],"version-history":[{"count":1,"href":"https:\/\/kastela.hr\/en\/wp-json\/wp\/v2\/posts\/5953\/revisions"}],"predecessor-version":[{"id":7207,"href":"https:\/\/kastela.hr\/en\/wp-json\/wp\/v2\/posts\/5953\/revisions\/7207"}],"wp:featuredmedia":[{"embeddable":true,"href":"https:\/\/kastela.hr\/en\/wp-json\/wp\/v2\/media\/5954"}],"wp:attachment":[{"href":"https:\/\/kastela.hr\/en\/wp-json\/wp\/v2\/media?parent=5953"}],"wp:term":[{"taxonomy":"category","embeddable":true,"href":"https:\/\/kastela.hr\/en\/wp-json\/wp\/v2\/categories?post=5953"},{"taxonomy":"post_tag","embeddable":true,"href":"https:\/\/kastela.hr\/en\/wp-json\/wp\/v2\/tags?post=5953"}],"curies":[{"name":"wp","href":"https:\/\/api.w.org\/{rel}","templated":true}]}}