{"id":5950,"date":"2019-08-13T04:15:00","date_gmt":"2019-08-13T02:15:00","guid":{"rendered":"https:\/\/kastela.hr\/en\/2019\/08\/13\/podvorje-u-podvorju-koncert-hgd-biranj-i-arije-pod-zvijezdama\/"},"modified":"2024-08-29T10:48:12","modified_gmt":"2024-08-29T08:48:12","slug":"podvorje-u-podvorju-koncert-hgd-biranj-i-arije-pod-zvijezdama","status":"publish","type":"post","link":"https:\/\/kastela.hr\/en\/2019\/08\/13\/podvorje-u-podvorju-koncert-hgd-biranj-i-arije-pod-zvijezdama\/","title":{"rendered":"Podvorje u Podvorju, koncert HGD Biranj i Arije pod zvijezdama"},"content":{"rendered":"<p>Program Ka\u0161telanskog kulturnog ljeta nastavlja se i na sam blagdan Velike Gospe i Svetog Roka. &bdquo;Podvorje u Podvorju&ldquo; naziv je tradicionalnog koncerta klape Podvorje koji \u0107e se odr\u017eati s po\u010detkom u 21 sat u Gospojskoj \u0161tradi u Ka\u0161tel Su\u0107urcu u \u010detvrtak, 15. kolovoza.<\/p>\n<p>Istoga dana, povodom blagdana Velike Gospe i dana Ka\u0161tel Luk\u0161i\u0107a, odr\u017eat \u0107e se koncert puha\u010dkog orkestra HGD Biranj u dvorcu Vitturi u Ka\u0161tel Luk\u0161i\u0107u s po\u010detkom u 21 sat.<\/p>\n<p>U petak, 16. kolovoza, na blagdan Svetoga Roka u 21 sat na Igri\u0161\u0107u u Ka\u0161tel \u0160tafili\u0107u odr\u017eat \u0107e se koncert &bdquo;Arije pod zvijezdama&ldquo; &ndash; ve\u010der vrhunskih glazbenih djela klasi\u010dne glazbe u izvedbi operne pjeva\u010dice Antonije Teskera uz goste Anu Zebi\u0107 Kostel, \u0160pira Bobana, Jo\u0161ka Tranfi\u0107a i klavirsku pratnju Tetyane Bor\u0161\u010dagivske. Ulaz na sva doga\u0111anja je slobodan.<\/p>\n<p>&nbsp;<\/p>\n<p>&nbsp;<\/p>\n","protected":false},"excerpt":{"rendered":"<p>Program Ka\u0161telanskog kulturnog ljeta nastavlja se i na sam blagdan Velike Gospe i Svetog Roka. &bdquo;Podvorje u Podvorju&ldquo; naziv je [&hellip;]<\/p>\n","protected":false},"author":7,"featured_media":5951,"comment_status":"closed","ping_status":"open","sticky":false,"template":"","format":"standard","meta":{"_acf_changed":false,"footnotes":""},"categories":[1],"tags":[],"class_list":["post-5950","post","type-post","status-publish","format-standard","has-post-thumbnail","hentry","category-novosti"],"acf":[],"_links":{"self":[{"href":"https:\/\/kastela.hr\/en\/wp-json\/wp\/v2\/posts\/5950","targetHints":{"allow":["GET"]}}],"collection":[{"href":"https:\/\/kastela.hr\/en\/wp-json\/wp\/v2\/posts"}],"about":[{"href":"https:\/\/kastela.hr\/en\/wp-json\/wp\/v2\/types\/post"}],"author":[{"embeddable":true,"href":"https:\/\/kastela.hr\/en\/wp-json\/wp\/v2\/users\/7"}],"replies":[{"embeddable":true,"href":"https:\/\/kastela.hr\/en\/wp-json\/wp\/v2\/comments?post=5950"}],"version-history":[{"count":1,"href":"https:\/\/kastela.hr\/en\/wp-json\/wp\/v2\/posts\/5950\/revisions"}],"predecessor-version":[{"id":7206,"href":"https:\/\/kastela.hr\/en\/wp-json\/wp\/v2\/posts\/5950\/revisions\/7206"}],"wp:featuredmedia":[{"embeddable":true,"href":"https:\/\/kastela.hr\/en\/wp-json\/wp\/v2\/media\/5951"}],"wp:attachment":[{"href":"https:\/\/kastela.hr\/en\/wp-json\/wp\/v2\/media?parent=5950"}],"wp:term":[{"taxonomy":"category","embeddable":true,"href":"https:\/\/kastela.hr\/en\/wp-json\/wp\/v2\/categories?post=5950"},{"taxonomy":"post_tag","embeddable":true,"href":"https:\/\/kastela.hr\/en\/wp-json\/wp\/v2\/tags?post=5950"}],"curies":[{"name":"wp","href":"https:\/\/api.w.org\/{rel}","templated":true}]}}