{"id":5947,"date":"2019-08-16T10:12:00","date_gmt":"2019-08-16T08:12:00","guid":{"rendered":"https:\/\/kastela.hr\/en\/2019\/08\/16\/ovog-vikenda-izlozba-slika-predstave-i-koncerti-u-okviru-kastelanskog-kulturnog-ljeta\/"},"modified":"2024-08-29T10:48:12","modified_gmt":"2024-08-29T08:48:12","slug":"ovog-vikenda-izlozba-slika-predstave-i-koncerti-u-okviru-kastelanskog-kulturnog-ljeta","status":"publish","type":"post","link":"https:\/\/kastela.hr\/en\/2019\/08\/16\/ovog-vikenda-izlozba-slika-predstave-i-koncerti-u-okviru-kastelanskog-kulturnog-ljeta\/","title":{"rendered":"Ovog vikenda izlo\u017eba slika, predstave i koncerti u okviru Ka\u0161telanskog kulturnog ljeta"},"content":{"rendered":"<p>U okviru Ka\u0161telanskog kulturnog ljeta, ove subote, 17. kolovoza u dvorcu Vitturi u Ka\u0161tel Luk\u0161i\u0107u u 20:30 sati bit \u0107e otvorena izlo\u017eba slika &bdquo;Liberalizam&ldquo; autora Tina Perdi\u0107a. Izlo\u017eba ostaje otvorena do 31. kolovoza.<\/p>\n<p>Tako\u0111er u subotu, 17. kolovoza ispred zadruge u Ka\u0161tel Starom odr\u017eat \u0107e se predstava &bdquo;Na brcu&ldquo; u izvedbi Amaterskog kazali\u0161ta Moreta s po\u010detkom u 21 sat.<\/p>\n<p>U nedjelju, 18. kolovoza s po\u010detkom u 20 sati u dvorcu Vitturi u okviru X. Dana Luke Boti\u0107a bit \u0107e rije\u010di o odnosu Luke Boti\u0107a prema rodnom gradu i odnosu Splita prema Luki Boti\u0107u.<\/p>\n<p>Kazali\u0161na predstava &bdquo;Tko smo to mi?&ldquo; u izvedbi Mje\u0161ovitog zbora Svetog Jurja mu\u010denika iz Ka\u0161tel Su\u0107urca &nbsp;odr\u017eat \u0107e se ove nedjelje, 18. kolovoza s po\u010detkom u 20:30 sati u kinu Sveti Juraj u Ka\u0161tel Su\u0107urcu.<\/p>\n<p>U ponedjeljak, 19. kolovoza s po\u010detkom u 20:30 sati u dvorcu Vitturi u Ka\u0161tel Luk\u0161i\u0107u da\u0161ak Pariza u ka\u0161telanskoj ljetnoj ve\u010deri donijet \u0107e svojim koncertom mezzosopranistica Bjanka Ivas i pijanistica Ivana \u0160timac.<\/p>\n<p>Ulaz na sva doga\u0111anja je slobodan<\/p>\n","protected":false},"excerpt":{"rendered":"<p>U okviru Ka\u0161telanskog kulturnog ljeta, ove subote, 17. kolovoza u dvorcu Vitturi u Ka\u0161tel Luk\u0161i\u0107u u 20:30 sati bit \u0107e [&hellip;]<\/p>\n","protected":false},"author":7,"featured_media":5948,"comment_status":"closed","ping_status":"open","sticky":false,"template":"","format":"standard","meta":{"_acf_changed":false,"footnotes":""},"categories":[1],"tags":[],"class_list":["post-5947","post","type-post","status-publish","format-standard","has-post-thumbnail","hentry","category-novosti"],"acf":[],"_links":{"self":[{"href":"https:\/\/kastela.hr\/en\/wp-json\/wp\/v2\/posts\/5947","targetHints":{"allow":["GET"]}}],"collection":[{"href":"https:\/\/kastela.hr\/en\/wp-json\/wp\/v2\/posts"}],"about":[{"href":"https:\/\/kastela.hr\/en\/wp-json\/wp\/v2\/types\/post"}],"author":[{"embeddable":true,"href":"https:\/\/kastela.hr\/en\/wp-json\/wp\/v2\/users\/7"}],"replies":[{"embeddable":true,"href":"https:\/\/kastela.hr\/en\/wp-json\/wp\/v2\/comments?post=5947"}],"version-history":[{"count":1,"href":"https:\/\/kastela.hr\/en\/wp-json\/wp\/v2\/posts\/5947\/revisions"}],"predecessor-version":[{"id":7205,"href":"https:\/\/kastela.hr\/en\/wp-json\/wp\/v2\/posts\/5947\/revisions\/7205"}],"wp:featuredmedia":[{"embeddable":true,"href":"https:\/\/kastela.hr\/en\/wp-json\/wp\/v2\/media\/5948"}],"wp:attachment":[{"href":"https:\/\/kastela.hr\/en\/wp-json\/wp\/v2\/media?parent=5947"}],"wp:term":[{"taxonomy":"category","embeddable":true,"href":"https:\/\/kastela.hr\/en\/wp-json\/wp\/v2\/categories?post=5947"},{"taxonomy":"post_tag","embeddable":true,"href":"https:\/\/kastela.hr\/en\/wp-json\/wp\/v2\/tags?post=5947"}],"curies":[{"name":"wp","href":"https:\/\/api.w.org\/{rel}","templated":true}]}}