{"id":5941,"date":"2019-08-21T03:30:00","date_gmt":"2019-08-21T01:30:00","guid":{"rendered":"https:\/\/kastela.hr\/en\/2019\/08\/21\/grad-kastela-ukljucio-se-u-kampanju-obala-bez-opusaka\/"},"modified":"2024-08-29T10:48:12","modified_gmt":"2024-08-29T08:48:12","slug":"grad-kastela-ukljucio-se-u-kampanju-obala-bez-opusaka","status":"publish","type":"post","link":"https:\/\/kastela.hr\/en\/2019\/08\/21\/grad-kastela-ukljucio-se-u-kampanju-obala-bez-opusaka\/","title":{"rendered":"Grad Ka\u0161tela uklju\u010dio se u kampanju \u201eObala bez opu\u0161aka\u201c"},"content":{"rendered":"<p>Grad Ka\u0161tela uklju\u010dio se u kampanju &bdquo;Obala bez opu\u0161aka&ldquo; na inicijativu Splitsko &ndash; dalmatinske \u017eupanije. Cilj kampanje je \u010distima odr\u017eati pla\u017ee, luke nauti\u010dkog turizma (marine, privezi\u0161ta), sportske luke, odnosno pomorsko dobro koje je dodijeljeno u koncesiju.<\/p>\n<p>Na pomorskom dobru koje je dodijeljeno u koncesiju potrebno je postaviti papirnate pepeljare ili limenke(zdjelice, kante) koje mogu poslu\u017eiti kao pepeljare. Postavljanje plasti\u010dnih \u010da\u0161a i zdjelica za sakupljanje opu\u0161aka nije dozvoljeno. Limenke i papirnate pepeljare mogu popunjavati svi zainteresirani kupa\u010di, ne samo pu\u0161a\u010di, na na\u010din da skupljaju opu\u0161ke po pomorskom dobru.<\/p>\n<p>Popunjene limenke ili papirnate pepeljare napunjene opu\u0161cima mogu se zamijeniti pi\u0107em za nagradu (ako je koncesija dodijeljena za obavljanje ugostiteljske djelatnosti ili ambulantne prodaje).<\/p>\n<p>Neuga\u0161en opu\u0161ak \u010desto je i uzro\u010dnik po\u017eara tako da se na ovaj na\u010din preventivno provodi i aktivnost za\u0161tite od po\u017eara. Splitsko &ndash; dalmatinska \u017eupanija, u okviru svojih mogu\u0107nosti osigurat \u0107e sredstva kako bi se kampanja \u0161to uspje\u0161nije provela i to u vidu bro\u0161ura, pepeljara, plakata i medijske vidljivosti.<\/p>\n<p>Obveza koncesionara, ukoliko iska\u017ee interes, bila bi pi\u0107e za svaku dostavljenu popunjenu papirnatu limenku ili \u010da\u0161u. Svi zainteresirani, mogu se prijaviti popunjavanjem izjave koja je dostavljena u privitku i poslati&nbsp;u Splitsko &#8211; dalmatinsku \u017eupaniju u Upravni odjel za turizam i pomorstvo, Domovinskog rata 2.&nbsp;<\/p>\n","protected":false},"excerpt":{"rendered":"<p>Grad Ka\u0161tela uklju\u010dio se u kampanju &bdquo;Obala bez opu\u0161aka&ldquo; na inicijativu Splitsko &ndash; dalmatinske \u017eupanije. Cilj kampanje je \u010distima odr\u017eati [&hellip;]<\/p>\n","protected":false},"author":7,"featured_media":5942,"comment_status":"closed","ping_status":"open","sticky":false,"template":"","format":"standard","meta":{"_acf_changed":false,"footnotes":""},"categories":[1],"tags":[],"class_list":["post-5941","post","type-post","status-publish","format-standard","has-post-thumbnail","hentry","category-novosti"],"acf":[],"_links":{"self":[{"href":"https:\/\/kastela.hr\/en\/wp-json\/wp\/v2\/posts\/5941","targetHints":{"allow":["GET"]}}],"collection":[{"href":"https:\/\/kastela.hr\/en\/wp-json\/wp\/v2\/posts"}],"about":[{"href":"https:\/\/kastela.hr\/en\/wp-json\/wp\/v2\/types\/post"}],"author":[{"embeddable":true,"href":"https:\/\/kastela.hr\/en\/wp-json\/wp\/v2\/users\/7"}],"replies":[{"embeddable":true,"href":"https:\/\/kastela.hr\/en\/wp-json\/wp\/v2\/comments?post=5941"}],"version-history":[{"count":1,"href":"https:\/\/kastela.hr\/en\/wp-json\/wp\/v2\/posts\/5941\/revisions"}],"predecessor-version":[{"id":7203,"href":"https:\/\/kastela.hr\/en\/wp-json\/wp\/v2\/posts\/5941\/revisions\/7203"}],"wp:featuredmedia":[{"embeddable":true,"href":"https:\/\/kastela.hr\/en\/wp-json\/wp\/v2\/media\/5942"}],"wp:attachment":[{"href":"https:\/\/kastela.hr\/en\/wp-json\/wp\/v2\/media?parent=5941"}],"wp:term":[{"taxonomy":"category","embeddable":true,"href":"https:\/\/kastela.hr\/en\/wp-json\/wp\/v2\/categories?post=5941"},{"taxonomy":"post_tag","embeddable":true,"href":"https:\/\/kastela.hr\/en\/wp-json\/wp\/v2\/tags?post=5941"}],"curies":[{"name":"wp","href":"https:\/\/api.w.org\/{rel}","templated":true}]}}