{"id":5938,"date":"2019-08-22T03:58:00","date_gmt":"2019-08-22T01:58:00","guid":{"rendered":"https:\/\/kastela.hr\/en\/2019\/08\/22\/vecer-posvecena-jaksi-fiamengu-te-igrokaz-za-djecu-ovoga-cetvrtka\/"},"modified":"2024-08-29T10:48:12","modified_gmt":"2024-08-29T08:48:12","slug":"vecer-posvecena-jaksi-fiamengu-te-igrokaz-za-djecu-ovoga-cetvrtka","status":"publish","type":"post","link":"https:\/\/kastela.hr\/en\/2019\/08\/22\/vecer-posvecena-jaksi-fiamengu-te-igrokaz-za-djecu-ovoga-cetvrtka\/","title":{"rendered":"Ve\u010der posve\u0107ena Jak\u0161i Fiamengu te igrokaz za djecu ovoga \u010detvrtka"},"content":{"rendered":"<p>Ovoga \u010detvrtka, 22. kolovoza, u okviru Ka\u0161telanskog kulturnog ljeta na rasporedu je ve\u010der posve\u0107ena Jak\u0161i Fiamengu, a ne\u0161to mla\u0111i uzrasti mo\u0107i \u0107e u\u017eivati u scenskoj priredbi &bdquo;Igrokaz za igrokazom ide&ldquo;.<\/p>\n<p>U dvorcu Vitturi u Ka\u0161tel Luk\u0161i\u0107u, u 21 sat, u organizaciji Grada Ka\u0161tela, umjetni\u010dka organizacija Caravan sa Ksenijom Prohaskom i njenim gostima publiku \u0107e podsjetiti na djela velikog Jak\u0161e Fiamenga stoga \u0107e ova ve\u010der biti njemu u \u010dast.<\/p>\n<p>KUD Karol Wojtyla i udruga Sveti Jeronim te \u010ce\u0161ka beseda viroviti\u010dko &ndash; podravske \u017eupanije predstavit \u0107e se na prostoru kod kule Cambi u Ka\u0161tel Kambelovcu spletom igrokaza, koji zapo\u010dinju u 20.30 sati. Savjet mladih grada Ka\u0161tela u okviru ovog doga\u0111anja predstavit \u0107e &bdquo;Arhai\u010dne igre&ldquo;.<\/p>\n<p>Ulaz na ova doga\u0111anja je slobodan.<\/p>\n<p>&nbsp;<\/p>\n","protected":false},"excerpt":{"rendered":"<p>Ovoga \u010detvrtka, 22. kolovoza, u okviru Ka\u0161telanskog kulturnog ljeta na rasporedu je ve\u010der posve\u0107ena Jak\u0161i Fiamengu, a ne\u0161to mla\u0111i uzrasti [&hellip;]<\/p>\n","protected":false},"author":7,"featured_media":5939,"comment_status":"closed","ping_status":"open","sticky":false,"template":"","format":"standard","meta":{"_acf_changed":false,"footnotes":""},"categories":[1],"tags":[],"class_list":["post-5938","post","type-post","status-publish","format-standard","has-post-thumbnail","hentry","category-novosti"],"acf":[],"_links":{"self":[{"href":"https:\/\/kastela.hr\/en\/wp-json\/wp\/v2\/posts\/5938","targetHints":{"allow":["GET"]}}],"collection":[{"href":"https:\/\/kastela.hr\/en\/wp-json\/wp\/v2\/posts"}],"about":[{"href":"https:\/\/kastela.hr\/en\/wp-json\/wp\/v2\/types\/post"}],"author":[{"embeddable":true,"href":"https:\/\/kastela.hr\/en\/wp-json\/wp\/v2\/users\/7"}],"replies":[{"embeddable":true,"href":"https:\/\/kastela.hr\/en\/wp-json\/wp\/v2\/comments?post=5938"}],"version-history":[{"count":1,"href":"https:\/\/kastela.hr\/en\/wp-json\/wp\/v2\/posts\/5938\/revisions"}],"predecessor-version":[{"id":7202,"href":"https:\/\/kastela.hr\/en\/wp-json\/wp\/v2\/posts\/5938\/revisions\/7202"}],"wp:featuredmedia":[{"embeddable":true,"href":"https:\/\/kastela.hr\/en\/wp-json\/wp\/v2\/media\/5939"}],"wp:attachment":[{"href":"https:\/\/kastela.hr\/en\/wp-json\/wp\/v2\/media?parent=5938"}],"wp:term":[{"taxonomy":"category","embeddable":true,"href":"https:\/\/kastela.hr\/en\/wp-json\/wp\/v2\/categories?post=5938"},{"taxonomy":"post_tag","embeddable":true,"href":"https:\/\/kastela.hr\/en\/wp-json\/wp\/v2\/tags?post=5938"}],"curies":[{"name":"wp","href":"https:\/\/api.w.org\/{rel}","templated":true}]}}