{"id":5935,"date":"2019-08-22T09:03:00","date_gmt":"2019-08-22T07:03:00","guid":{"rendered":"https:\/\/kastela.hr\/en\/2019\/08\/22\/koncert-boje-jazza-i-19-vecer-folklora-tamburica-i-mandolina\/"},"modified":"2024-08-29T10:48:12","modified_gmt":"2024-08-29T08:48:12","slug":"koncert-boje-jazza-i-19-vecer-folklora-tamburica-i-mandolina","status":"publish","type":"post","link":"https:\/\/kastela.hr\/en\/2019\/08\/22\/koncert-boje-jazza-i-19-vecer-folklora-tamburica-i-mandolina\/","title":{"rendered":"Koncert \u201eBoje jazza\u201c i 19. Ve\u010der folklora \u201eTamburica i mandolina\u201c"},"content":{"rendered":"<p>Program Ka\u0161telanskog kulturnog ljeta nastavlja se i ovoga petka, 23. kolovoza koncertom jazza i ve\u010deri folklora. Na Igri\u0161\u0107u u Ka\u0161tel \u0160tafili\u0107u, s po\u010detkom u 21 sat odr\u017eat \u0107e se koncert &bdquo;Boje jazza&ldquo; uz nastup HGD Biranj kao i goste soliste &ndash; Helenu Gudelj \u017deljka Mili\u0107a, Ivana Bo\u017ei\u010devi\u0107a, Pjera Malko\u010da i Denija Pjani\u0107a.<\/p>\n<p>KUD 7 Ka\u0161tela i gosti organiziraju 19. Ve\u010der folklora &bdquo;Tamburica i Mandolina&ldquo; u 20:30 sati ispred Ka\u0161tilca u Ka\u0161tel Gomilici. Sudionici ove manifestacije su:<\/p>\n<p>&bull; Kud Vjekoslav Klai\u0107&ldquo;, Gar\u010din (Slavonija)<br \/>\n&bull; Kud Dalmacija Dugi Rat<br \/>\n&bull; Klapa Zrinski, Vrbovec<br \/>\n&bull; KUD Kvadrilja, Trogir<br \/>\n&bull; KUU &quot;Andrija Matija\u0161-Pauk&quot;, Marina<br \/>\n&bull; KUD &bdquo;7 KA\u0160TELA&ldquo;, Ka\u0161tel Gomilica<\/p>\n<p>Ulaz na doga\u0111anja je slobodan.<\/p>\n","protected":false},"excerpt":{"rendered":"<p>Program Ka\u0161telanskog kulturnog ljeta nastavlja se i ovoga petka, 23. kolovoza koncertom jazza i ve\u010deri folklora. Na Igri\u0161\u0107u u Ka\u0161tel [&hellip;]<\/p>\n","protected":false},"author":7,"featured_media":5936,"comment_status":"closed","ping_status":"open","sticky":false,"template":"","format":"standard","meta":{"_acf_changed":false,"footnotes":""},"categories":[1],"tags":[],"class_list":["post-5935","post","type-post","status-publish","format-standard","has-post-thumbnail","hentry","category-novosti"],"acf":[],"_links":{"self":[{"href":"https:\/\/kastela.hr\/en\/wp-json\/wp\/v2\/posts\/5935","targetHints":{"allow":["GET"]}}],"collection":[{"href":"https:\/\/kastela.hr\/en\/wp-json\/wp\/v2\/posts"}],"about":[{"href":"https:\/\/kastela.hr\/en\/wp-json\/wp\/v2\/types\/post"}],"author":[{"embeddable":true,"href":"https:\/\/kastela.hr\/en\/wp-json\/wp\/v2\/users\/7"}],"replies":[{"embeddable":true,"href":"https:\/\/kastela.hr\/en\/wp-json\/wp\/v2\/comments?post=5935"}],"version-history":[{"count":1,"href":"https:\/\/kastela.hr\/en\/wp-json\/wp\/v2\/posts\/5935\/revisions"}],"predecessor-version":[{"id":7201,"href":"https:\/\/kastela.hr\/en\/wp-json\/wp\/v2\/posts\/5935\/revisions\/7201"}],"wp:featuredmedia":[{"embeddable":true,"href":"https:\/\/kastela.hr\/en\/wp-json\/wp\/v2\/media\/5936"}],"wp:attachment":[{"href":"https:\/\/kastela.hr\/en\/wp-json\/wp\/v2\/media?parent=5935"}],"wp:term":[{"taxonomy":"category","embeddable":true,"href":"https:\/\/kastela.hr\/en\/wp-json\/wp\/v2\/categories?post=5935"},{"taxonomy":"post_tag","embeddable":true,"href":"https:\/\/kastela.hr\/en\/wp-json\/wp\/v2\/tags?post=5935"}],"curies":[{"name":"wp","href":"https:\/\/api.w.org\/{rel}","templated":true}]}}