{"id":5932,"date":"2019-08-23T09:48:00","date_gmt":"2019-08-23T07:48:00","guid":{"rendered":"https:\/\/kastela.hr\/en\/2019\/08\/23\/manifestacija-zagora-kastelima-i-promocija-knjige-izmedu-dva-sna-ovoga-vikenda\/"},"modified":"2024-08-29T10:48:12","modified_gmt":"2024-08-29T08:48:12","slug":"manifestacija-zagora-kastelima-i-promocija-knjige-izmedu-dva-sna-ovoga-vikenda","status":"publish","type":"post","link":"https:\/\/kastela.hr\/en\/2019\/08\/23\/manifestacija-zagora-kastelima-i-promocija-knjige-izmedu-dva-sna-ovoga-vikenda\/","title":{"rendered":"Manifestacija \u201eZagora Ka\u0161telima\u201c i promocija knjige \u201eIzme\u0111u dva sna\u201c ovoga vikenda"},"content":{"rendered":"<p>Ove subote, 24. kolovoza u organizaciji KUD-a Srce Zagore, na brcu u Ka\u0161tel Starom s po\u010detkom u 19:30 odr\u017eat \u0107e se predstavljanje kulturno &ndash; umjetni\u010dkih dru\u0161tava s podru\u010dja Ka\u0161tela pod nazivom &bdquo;Zagora Ka\u0161telima. Rije\u010d je o manifestaciji koja \u0107e \u0161estu godinu za redom okupiti brojna &nbsp;dru\u0161tva i &nbsp;udruge koja njeguju tradiciju i kulturnu ba\u0161tinu svog kraja.<\/p>\n<p>Ove nedjelje, 25. kolovoza, svi su pozvani na predstavljanje romana Irene Grubi\u0161i\u0107 &ndash; \u010cabo (Blaji\u0107) pod nazivom &bdquo;Izme\u0111u dva sna&ldquo; u ka\u0161telu Vitturi u Ka\u0161tel Luk\u0161i\u0107u s po\u010detkom u 20:30 sati u organizaciji GSU Ka\u0161telansko kazali\u0161te.<\/p>\n<p>Ulaz na spomenuta doga\u0111anja u okviru Ka\u0161telanskog kulturnog ljeta je slobodan.<\/p>\n<p>&nbsp;<\/p>\n","protected":false},"excerpt":{"rendered":"<p>Ove subote, 24. kolovoza u organizaciji KUD-a Srce Zagore, na brcu u Ka\u0161tel Starom s po\u010detkom u 19:30 odr\u017eat \u0107e [&hellip;]<\/p>\n","protected":false},"author":7,"featured_media":5933,"comment_status":"closed","ping_status":"open","sticky":false,"template":"","format":"standard","meta":{"_acf_changed":false,"footnotes":""},"categories":[1],"tags":[],"class_list":["post-5932","post","type-post","status-publish","format-standard","has-post-thumbnail","hentry","category-novosti"],"acf":[],"_links":{"self":[{"href":"https:\/\/kastela.hr\/en\/wp-json\/wp\/v2\/posts\/5932","targetHints":{"allow":["GET"]}}],"collection":[{"href":"https:\/\/kastela.hr\/en\/wp-json\/wp\/v2\/posts"}],"about":[{"href":"https:\/\/kastela.hr\/en\/wp-json\/wp\/v2\/types\/post"}],"author":[{"embeddable":true,"href":"https:\/\/kastela.hr\/en\/wp-json\/wp\/v2\/users\/7"}],"replies":[{"embeddable":true,"href":"https:\/\/kastela.hr\/en\/wp-json\/wp\/v2\/comments?post=5932"}],"version-history":[{"count":1,"href":"https:\/\/kastela.hr\/en\/wp-json\/wp\/v2\/posts\/5932\/revisions"}],"predecessor-version":[{"id":7200,"href":"https:\/\/kastela.hr\/en\/wp-json\/wp\/v2\/posts\/5932\/revisions\/7200"}],"wp:featuredmedia":[{"embeddable":true,"href":"https:\/\/kastela.hr\/en\/wp-json\/wp\/v2\/media\/5933"}],"wp:attachment":[{"href":"https:\/\/kastela.hr\/en\/wp-json\/wp\/v2\/media?parent=5932"}],"wp:term":[{"taxonomy":"category","embeddable":true,"href":"https:\/\/kastela.hr\/en\/wp-json\/wp\/v2\/categories?post=5932"},{"taxonomy":"post_tag","embeddable":true,"href":"https:\/\/kastela.hr\/en\/wp-json\/wp\/v2\/tags?post=5932"}],"curies":[{"name":"wp","href":"https:\/\/api.w.org\/{rel}","templated":true}]}}