{"id":5920,"date":"2019-08-26T06:31:00","date_gmt":"2019-08-26T04:31:00","guid":{"rendered":"https:\/\/kastela.hr\/en\/2019\/08\/26\/prijem-clanova-udruge-ceska-beseda-viroviticko-podravske-zupanije\/"},"modified":"2024-08-29T10:48:12","modified_gmt":"2024-08-29T08:48:12","slug":"prijem-clanova-udruge-ceska-beseda-viroviticko-podravske-zupanije","status":"publish","type":"post","link":"https:\/\/kastela.hr\/en\/2019\/08\/26\/prijem-clanova-udruge-ceska-beseda-viroviticko-podravske-zupanije\/","title":{"rendered":"Prijem \u010dlanova udruge \u201e\u010ce\u0161ka beseda Viroviti\u010dko \u2013 podravske \u017eupanije\u201c"},"content":{"rendered":"<p>Tradicionalna manifestacija &bdquo;Igrokaz za igrokazom ide&ldquo; koja se ve\u0107 nekoliko godina odr\u017eava na Cambijevom trgu u Ka\u0161tel Kambelovcu, odr\u017eana je proteklog tjedna u organizaciji KUD-a Karol Wojtyla u okviru Ka\u0161telanskog kulturnog ljeta. Me\u0111u brojnim to\u010dkama, predstavili su se i gosti iz Virovitice, \u010dlanovi udruge &bdquo;\u010ce\u0161ka beseda Viroviti\u010dko &ndash; podravske \u017eupanije&ldquo;. Izveli su ovom prilikom humoresku &bdquo;Izlet \u010de\u0161ke besede&ldquo; za koju su tekst napisali Bohdanka Pjenice \u0160olcova i Radek Cucura Jan\u010dek. Humoreska govori o \u010de\u0161kim izletnicima koji nakon turisti\u010dkog obilaska Ka\u0161tela sjedaju u restoran i spremaju se naru\u010diti hranu i pi\u0107e. Pred sam kraj ve\u010deri zborski su izveli &#39;&#39;Ta na\u0161e pisni\u010dka \u010ceska&#39;&#39;, dok je Dorotea Ko\u017enjak samostalno izvela pjesmu &#39;&#39;Ty a ja&#39;&#39;.<\/p>\n<p>Povodom njihovog nastupa u Ka\u0161telima, zamjenica gradona\u010delnika Jadranka Matok Bosan\u010di\u0107 zajedno s potpredsjednicom Gradskog vije\u0107a Doris Grgurin, primila je predstavnike ove viroviti\u010dke udruge, upoznala s ljepotama Ka\u0161tela i za\u017eeljela ugodan boravak u na\u0161em gradu nakon \u010dega je uslijedila razmjena simboli\u010dnih poklona.<\/p>\n<p>&nbsp;<\/p>\n","protected":false},"excerpt":{"rendered":"<p>Tradicionalna manifestacija &bdquo;Igrokaz za igrokazom ide&ldquo; koja se ve\u0107 nekoliko godina odr\u017eava na Cambijevom trgu u Ka\u0161tel Kambelovcu, odr\u017eana je [&hellip;]<\/p>\n","protected":false},"author":7,"featured_media":5921,"comment_status":"closed","ping_status":"open","sticky":false,"template":"","format":"standard","meta":{"_acf_changed":false,"footnotes":""},"categories":[1],"tags":[],"class_list":["post-5920","post","type-post","status-publish","format-standard","has-post-thumbnail","hentry","category-novosti"],"acf":[],"_links":{"self":[{"href":"https:\/\/kastela.hr\/en\/wp-json\/wp\/v2\/posts\/5920","targetHints":{"allow":["GET"]}}],"collection":[{"href":"https:\/\/kastela.hr\/en\/wp-json\/wp\/v2\/posts"}],"about":[{"href":"https:\/\/kastela.hr\/en\/wp-json\/wp\/v2\/types\/post"}],"author":[{"embeddable":true,"href":"https:\/\/kastela.hr\/en\/wp-json\/wp\/v2\/users\/7"}],"replies":[{"embeddable":true,"href":"https:\/\/kastela.hr\/en\/wp-json\/wp\/v2\/comments?post=5920"}],"version-history":[{"count":1,"href":"https:\/\/kastela.hr\/en\/wp-json\/wp\/v2\/posts\/5920\/revisions"}],"predecessor-version":[{"id":7198,"href":"https:\/\/kastela.hr\/en\/wp-json\/wp\/v2\/posts\/5920\/revisions\/7198"}],"wp:featuredmedia":[{"embeddable":true,"href":"https:\/\/kastela.hr\/en\/wp-json\/wp\/v2\/media\/5921"}],"wp:attachment":[{"href":"https:\/\/kastela.hr\/en\/wp-json\/wp\/v2\/media?parent=5920"}],"wp:term":[{"taxonomy":"category","embeddable":true,"href":"https:\/\/kastela.hr\/en\/wp-json\/wp\/v2\/categories?post=5920"},{"taxonomy":"post_tag","embeddable":true,"href":"https:\/\/kastela.hr\/en\/wp-json\/wp\/v2\/tags?post=5920"}],"curies":[{"name":"wp","href":"https:\/\/api.w.org\/{rel}","templated":true}]}}