{"id":5914,"date":"2019-08-27T04:03:00","date_gmt":"2019-08-27T02:03:00","guid":{"rendered":"https:\/\/kastela.hr\/en\/2019\/08\/27\/sedma-vecer-kastelanski-glendi-i-batudi\/"},"modified":"2024-08-29T10:48:12","modified_gmt":"2024-08-29T08:48:12","slug":"sedma-vecer-kastelanski-glendi-i-batudi","status":"publish","type":"post","link":"https:\/\/kastela.hr\/en\/2019\/08\/27\/sedma-vecer-kastelanski-glendi-i-batudi\/","title":{"rendered":"Sedma Ve\u010der ka\u0161telanski&#8217; glendi i batudi"},"content":{"rendered":"<p>Sedmu Ve\u010der ka\u0161telanski&rsquo; glendi i batudi Gradska knji\u017enica Ka\u0161tela i ove godine organizira u sklopu Ka\u0161telanskog kulturnog ljeta u \u010detvrtak 29. kolovoza u 20.30 sati u Gospojskoj \u0161tradi u Ka\u0161tel Su\u0107urcu.<\/p>\n<p>U prvom dijelu ve\u010deri djeca iz Dramske skupine GKK pod voditeljstvom Marijane Jerkunica izvest \u0107e igrokaze &ldquo;Jo\u0161 u na\u0161oj svi\u0107i jema uja&rdquo; autorice Renate Dobri\u0107 (igraju: Anton Jerkunica i Nevena Kova\u010d) i &ldquo;Sva\u0111a&rdquo; (igraju: Anja Katalini\u0107, Marijeta Batina i Roko Jerkunica) na tekst bra\u010dkog pjesnika Stjepana Puli\u0161eli\u0107a.<\/p>\n<p>U drugom dijelu ve\u010deri ka\u0161telanske glende i batude iz najstariji&rsquo; vrimen&rsquo; kazivat \u0107e Ivica \u017degarac &ndash; \u017duti, dok \u0107e kao gosti nastupiti: Danica Bartulovi\u0107, \u017deljka Bla\u017eevi\u0107, Jo\u0161ko Dadi\u0107, Na\u0111an Dumani\u0107, Marijan Grbavac, Dinko Sule i Mladen Vukovi\u0107.<\/p>\n<p>U glazbeno-plesnom dijelu programa nastupit \u0107e: Lana Rubelj i KUD &ldquo;Putalj&rdquo;, dok \u0107e stihove ka\u0161telanskog pjesnika Ive Cviti\u0107a o 100. obljetnici ro\u0111enja kazivati Roko Kraljevi\u0107.<\/p>\n<p>Scenaristica i redateljica 7. Ve\u010deri ka\u0161telanski&rsquo; glendi i batudi je Renata Dobri\u0107, dok scenografiju potpisuje Anamarija Kelava.<\/p>\n<p>Do\u0111ite i prisjetite se kako se u Ka\u0161tilima \u017eivilo u stara vrimena, uz trud i znoj, radost i tugu, smij i suze, uz glende i batude&hellip;<\/p>\n<p>&nbsp;<\/p>\n","protected":false},"excerpt":{"rendered":"<p>Sedmu Ve\u010der ka\u0161telanski&rsquo; glendi i batudi Gradska knji\u017enica Ka\u0161tela i ove godine organizira u sklopu Ka\u0161telanskog kulturnog ljeta u \u010detvrtak [&hellip;]<\/p>\n","protected":false},"author":7,"featured_media":5915,"comment_status":"closed","ping_status":"open","sticky":false,"template":"","format":"standard","meta":{"_acf_changed":false,"footnotes":""},"categories":[1],"tags":[],"class_list":["post-5914","post","type-post","status-publish","format-standard","has-post-thumbnail","hentry","category-novosti"],"acf":[],"_links":{"self":[{"href":"https:\/\/kastela.hr\/en\/wp-json\/wp\/v2\/posts\/5914","targetHints":{"allow":["GET"]}}],"collection":[{"href":"https:\/\/kastela.hr\/en\/wp-json\/wp\/v2\/posts"}],"about":[{"href":"https:\/\/kastela.hr\/en\/wp-json\/wp\/v2\/types\/post"}],"author":[{"embeddable":true,"href":"https:\/\/kastela.hr\/en\/wp-json\/wp\/v2\/users\/7"}],"replies":[{"embeddable":true,"href":"https:\/\/kastela.hr\/en\/wp-json\/wp\/v2\/comments?post=5914"}],"version-history":[{"count":1,"href":"https:\/\/kastela.hr\/en\/wp-json\/wp\/v2\/posts\/5914\/revisions"}],"predecessor-version":[{"id":7196,"href":"https:\/\/kastela.hr\/en\/wp-json\/wp\/v2\/posts\/5914\/revisions\/7196"}],"wp:featuredmedia":[{"embeddable":true,"href":"https:\/\/kastela.hr\/en\/wp-json\/wp\/v2\/media\/5915"}],"wp:attachment":[{"href":"https:\/\/kastela.hr\/en\/wp-json\/wp\/v2\/media?parent=5914"}],"wp:term":[{"taxonomy":"category","embeddable":true,"href":"https:\/\/kastela.hr\/en\/wp-json\/wp\/v2\/categories?post=5914"},{"taxonomy":"post_tag","embeddable":true,"href":"https:\/\/kastela.hr\/en\/wp-json\/wp\/v2\/tags?post=5914"}],"curies":[{"name":"wp","href":"https:\/\/api.w.org\/{rel}","templated":true}]}}