{"id":5911,"date":"2019-08-28T03:41:00","date_gmt":"2019-08-28T01:41:00","guid":{"rendered":"https:\/\/kastela.hr\/en\/2019\/08\/28\/potpisani-ugovori-vrijedni-85-milijuna-kuna-za-razvoj-obalne-i-morske-infrastrukture-omisa-trogira-kastela-i-tucepa\/"},"modified":"2024-08-29T10:48:12","modified_gmt":"2024-08-29T08:48:12","slug":"potpisani-ugovori-vrijedni-85-milijuna-kuna-za-razvoj-obalne-i-morske-infrastrukture-omisa-trogira-kastela-i-tucepa","status":"publish","type":"post","link":"https:\/\/kastela.hr\/en\/2019\/08\/28\/potpisani-ugovori-vrijedni-85-milijuna-kuna-za-razvoj-obalne-i-morske-infrastrukture-omisa-trogira-kastela-i-tucepa\/","title":{"rendered":"Potpisani ugovori vrijedni 8,5 milijuna kuna za razvoj obalne i morske infrastrukture Omi\u0161a, Trogira, Ka\u0161tela i Tu\u010depa"},"content":{"rendered":"<p>Temeljem Odluke o raspodjeli sredstava iz Programa sufinanciranja kapitalnih projekata na pomorskom dobru na podru\u010dju Splitsko-dalmatinske \u017eupanije za 2019. godinu, danas je \u017eupan Bla\u017eenko Boban potpisao ugovore vrijedne 8,5 milijuna kuna s gradona\u010delnikom Omi\u0161a Ivom Tomasovi\u0107em, zamjenicom gradona\u010delnika Trogira, Ru\u017eom Kova\u010devi\u0107 Bili\u0107, zamjenikom gradona\u010delnika grada Ka\u0161tela Grgicom Benuti\u0107em i na\u010delnikom op\u0107ine Tu\u010depi, Antom \u010cobrni\u0107em.<\/p>\n<p>-Pomorsko dobro je ovih dana&nbsp; posebno aktualna tema. Poznato je kako na\u0161a \u017dupanija upravlja tre\u0107inom ukupnog pomorskog dobra Republike Hrvatske. Nije bilo lako odraditi sve pripremne radnje jer se financiraju samo projekti koji su dovedeni do gra\u0111evinske dozvole, a projekti se sufinanciraju u omjeru pola SD\u017d, pola jedinica lokalne samouprave. Na ovaj na\u010din zajedni\u010dki s jedinicama lokalne samouprave mijenjamo ukupnu vizuru na\u0161ih primorskih mjesta. Stoga, neka danas potpisani ugovori budu poticaj i drugim lokalnim zajednicama da se jave na ovakve \u017eupanijske natje\u010daje &ndash; kazao je \u017eupan Boban.<\/p>\n<p>Stipe \u010cogelja, pro\u010delnik UO za pomorstvo i turizam je kazao kako je \u017dupanija ve\u0107 izradila sve bitne strate\u0161ke dokumente vezane za upravljanje pla\u017eama, od Plana nosivosti kapaciteta u turizmu do Plana upravljanja pla\u017eama, te je najavio izradu Integralnog Plana upravljanja obalnim pojasom koji je predvi\u0111en europskim Direktivama i kojega do sada ima samo \u0160ibensko-kninska \u017eupanija. &ndash;Spremni smo za novu financijsku perspektivu EU od 2021. godine, kako bismo aplicirali za jo\u0161 vi\u0161e sredstava za odr\u017eivo upravljanje obalnim pojasom &ndash; kazao je \u010cogelja.<\/p>\n<p>Grad Omi\u0161 je dobio 1,5 milijuna kuna za ure\u0111enje pla\u017ee Brzet, grad Trogir za izgradnju lukobrana \u0161portske luke Brigi Lokvice tri milijuna kuna, te grad Ka\u0161tela za ure\u0111enje pla\u017ee uvala Glavica u Ka\u0161tel Luk\u0161i\u0107u 2 milijuna kuna. Op\u0107ina Tu\u010depi tako\u0111er dobiva 2 milijuna kuna, za ure\u0111enje obalnog pojasa od marine do Gospina potoka, sve s ciljem ja\u010danja konkurentnosti Splitsko-dalmatinske \u017eupanije kroz razvoj obalne i morske infrastrukture, te ja\u010danje turisti\u010dke i gospodarske resursne osnove.<\/p>\n<p>Izvor: dalmacija.hr<\/p>\n","protected":false},"excerpt":{"rendered":"<p>Temeljem Odluke o raspodjeli sredstava iz Programa sufinanciranja kapitalnih projekata na pomorskom dobru na podru\u010dju Splitsko-dalmatinske \u017eupanije za 2019. godinu, [&hellip;]<\/p>\n","protected":false},"author":7,"featured_media":5912,"comment_status":"closed","ping_status":"open","sticky":false,"template":"","format":"standard","meta":{"_acf_changed":false,"footnotes":""},"categories":[1],"tags":[],"class_list":["post-5911","post","type-post","status-publish","format-standard","has-post-thumbnail","hentry","category-novosti"],"acf":[],"_links":{"self":[{"href":"https:\/\/kastela.hr\/en\/wp-json\/wp\/v2\/posts\/5911","targetHints":{"allow":["GET"]}}],"collection":[{"href":"https:\/\/kastela.hr\/en\/wp-json\/wp\/v2\/posts"}],"about":[{"href":"https:\/\/kastela.hr\/en\/wp-json\/wp\/v2\/types\/post"}],"author":[{"embeddable":true,"href":"https:\/\/kastela.hr\/en\/wp-json\/wp\/v2\/users\/7"}],"replies":[{"embeddable":true,"href":"https:\/\/kastela.hr\/en\/wp-json\/wp\/v2\/comments?post=5911"}],"version-history":[{"count":1,"href":"https:\/\/kastela.hr\/en\/wp-json\/wp\/v2\/posts\/5911\/revisions"}],"predecessor-version":[{"id":7195,"href":"https:\/\/kastela.hr\/en\/wp-json\/wp\/v2\/posts\/5911\/revisions\/7195"}],"wp:featuredmedia":[{"embeddable":true,"href":"https:\/\/kastela.hr\/en\/wp-json\/wp\/v2\/media\/5912"}],"wp:attachment":[{"href":"https:\/\/kastela.hr\/en\/wp-json\/wp\/v2\/media?parent=5911"}],"wp:term":[{"taxonomy":"category","embeddable":true,"href":"https:\/\/kastela.hr\/en\/wp-json\/wp\/v2\/categories?post=5911"},{"taxonomy":"post_tag","embeddable":true,"href":"https:\/\/kastela.hr\/en\/wp-json\/wp\/v2\/tags?post=5911"}],"curies":[{"name":"wp","href":"https:\/\/api.w.org\/{rel}","templated":true}]}}