{"id":5908,"date":"2019-08-28T04:41:00","date_gmt":"2019-08-28T02:41:00","guid":{"rendered":"https:\/\/kastela.hr\/en\/2019\/08\/28\/koncert-klape-kampaneli-i-vecer-djecjeg-kazalista-skatula\/"},"modified":"2024-08-29T10:48:11","modified_gmt":"2024-08-29T08:48:11","slug":"koncert-klape-kampaneli-i-vecer-djecjeg-kazalista-skatula","status":"publish","type":"post","link":"https:\/\/kastela.hr\/en\/2019\/08\/28\/koncert-klape-kampaneli-i-vecer-djecjeg-kazalista-skatula\/","title":{"rendered":"Koncert klape Kampaneli i ve\u010der dje\u010djeg kazali\u0161ta \u0160katula"},"content":{"rendered":"<p>Ovoga \u010detvrtka, 29. kolovoza s po\u010detkom u 20 sati u ka\u0161telu Vitturi u Ka\u0161tel Luk\u0161i\u0107u u okviru Ka\u0161telanskog kulturnog ljeta samostalni cjelove\u010dernji koncert odr\u017eat \u0107e klapa Kampaneli.<\/p>\n<p>Klapa&nbsp;Kampaneli &nbsp;osnovana je po\u010detkom ljeta 2005. god. na poticaj &nbsp;nekoliko \u010dlanova nekada\u0161nje klape Ka\u0161tela. Svoj rad klapa temelji na izvornim napjevima, selektiraju\u0107i pritom ono ponajbolje iz ba\u0161tine. Prilikom odabira pjesama za svoj repertoar posebnu pa\u017enju i sklonost klapa iskazuje prema obradama zavi\u010dajnih pu\u010dkih napjeva iz Dalmacije. Raznolikosti programa pridonose zabavno-popularne skladbe u modernim aran\u017emanima kao i skladbe duhovnog karaktera.<\/p>\n<p>&bdquo;Djeca Ka\u0161telima s ljubavlju&ldquo; naziv je manifestacije koju u okviru programa Ka\u0161telanskog kulturnog ljeta prire\u0111uju mali\u0161ani Ka\u0161telanskog dje\u010djeg kazali\u0161ta \u0160katula, ovoga petka 30. kolovoza s po\u010detkom u 19 sati na brcu u Ka\u0161tel Novom.<\/p>\n","protected":false},"excerpt":{"rendered":"<p>Ovoga \u010detvrtka, 29. kolovoza s po\u010detkom u 20 sati u ka\u0161telu Vitturi u Ka\u0161tel Luk\u0161i\u0107u u okviru Ka\u0161telanskog kulturnog ljeta [&hellip;]<\/p>\n","protected":false},"author":7,"featured_media":5909,"comment_status":"closed","ping_status":"open","sticky":false,"template":"","format":"standard","meta":{"_acf_changed":false,"footnotes":""},"categories":[1],"tags":[],"class_list":["post-5908","post","type-post","status-publish","format-standard","has-post-thumbnail","hentry","category-novosti"],"acf":[],"_links":{"self":[{"href":"https:\/\/kastela.hr\/en\/wp-json\/wp\/v2\/posts\/5908","targetHints":{"allow":["GET"]}}],"collection":[{"href":"https:\/\/kastela.hr\/en\/wp-json\/wp\/v2\/posts"}],"about":[{"href":"https:\/\/kastela.hr\/en\/wp-json\/wp\/v2\/types\/post"}],"author":[{"embeddable":true,"href":"https:\/\/kastela.hr\/en\/wp-json\/wp\/v2\/users\/7"}],"replies":[{"embeddable":true,"href":"https:\/\/kastela.hr\/en\/wp-json\/wp\/v2\/comments?post=5908"}],"version-history":[{"count":1,"href":"https:\/\/kastela.hr\/en\/wp-json\/wp\/v2\/posts\/5908\/revisions"}],"predecessor-version":[{"id":7194,"href":"https:\/\/kastela.hr\/en\/wp-json\/wp\/v2\/posts\/5908\/revisions\/7194"}],"wp:featuredmedia":[{"embeddable":true,"href":"https:\/\/kastela.hr\/en\/wp-json\/wp\/v2\/media\/5909"}],"wp:attachment":[{"href":"https:\/\/kastela.hr\/en\/wp-json\/wp\/v2\/media?parent=5908"}],"wp:term":[{"taxonomy":"category","embeddable":true,"href":"https:\/\/kastela.hr\/en\/wp-json\/wp\/v2\/categories?post=5908"},{"taxonomy":"post_tag","embeddable":true,"href":"https:\/\/kastela.hr\/en\/wp-json\/wp\/v2\/tags?post=5908"}],"curies":[{"name":"wp","href":"https:\/\/api.w.org\/{rel}","templated":true}]}}