{"id":5905,"date":"2019-08-28T08:29:00","date_gmt":"2019-08-28T06:29:00","guid":{"rendered":"https:\/\/kastela.hr\/en\/2019\/08\/28\/svecanost-zatvaranja-kastelanskog-kulturnog-ljeta-koncertom-nena-belana-fiumensa-i-mediteran-orchestra\/"},"modified":"2024-08-29T10:48:11","modified_gmt":"2024-08-29T08:48:11","slug":"svecanost-zatvaranja-kastelanskog-kulturnog-ljeta-koncertom-nena-belana-fiumensa-i-mediteran-orchestra","status":"publish","type":"post","link":"https:\/\/kastela.hr\/en\/2019\/08\/28\/svecanost-zatvaranja-kastelanskog-kulturnog-ljeta-koncertom-nena-belana-fiumensa-i-mediteran-orchestra\/","title":{"rendered":"Sve\u010danost zatvaranja Ka\u0161telanskog kulturnog ljeta koncertom Nena Belana, Fiumensa i Mediteran Orchestra"},"content":{"rendered":"<p>U Ka\u0161telima je vi\u0161e od dva mjeseca trajao bogati i sadr\u017eajni program Ka\u0161telanskog kulturnog ljeta 2019. koji je obuhvatio razli\u010dita glazbena i scenska doga\u0111anja, predstave, likovne izlo\u017ebe, promocije knjiga i fe\u0161te \u0161to je zasigurno i ove godine upotpunilo cjelokupni ljetni ugo\u0111aj na zadovoljstvo svih gra\u0111ana i posjetiteljima grada pod Kozjakom koji su mogli u\u017eivati u gotovo stotinu kulturnih i zabavnih doga\u0111anja.<\/p>\n<p>Slu\u017ebeni zavr\u0161etak ovogodi\u0161njeg kulturnog ljeta predvi\u0111en je u petak,&nbsp;<strong>30. kolovoza 2019<\/strong>., s po\u010detkom u 21 sat u Podvorju u Ka\u0161tel Su\u0107urcu koncertom <strong>Nena Belana, Fiumensa i Mediteran Orchestra.<\/strong><\/p>\n<p>Ulaz za sve posjetitelje je slobodan.<\/p>\n<p>&nbsp;<\/p>\n","protected":false},"excerpt":{"rendered":"<p>U Ka\u0161telima je vi\u0161e od dva mjeseca trajao bogati i sadr\u017eajni program Ka\u0161telanskog kulturnog ljeta 2019. koji je obuhvatio razli\u010dita [&hellip;]<\/p>\n","protected":false},"author":7,"featured_media":5906,"comment_status":"closed","ping_status":"open","sticky":false,"template":"","format":"standard","meta":{"_acf_changed":false,"footnotes":""},"categories":[1],"tags":[],"class_list":["post-5905","post","type-post","status-publish","format-standard","has-post-thumbnail","hentry","category-novosti"],"acf":[],"_links":{"self":[{"href":"https:\/\/kastela.hr\/en\/wp-json\/wp\/v2\/posts\/5905","targetHints":{"allow":["GET"]}}],"collection":[{"href":"https:\/\/kastela.hr\/en\/wp-json\/wp\/v2\/posts"}],"about":[{"href":"https:\/\/kastela.hr\/en\/wp-json\/wp\/v2\/types\/post"}],"author":[{"embeddable":true,"href":"https:\/\/kastela.hr\/en\/wp-json\/wp\/v2\/users\/7"}],"replies":[{"embeddable":true,"href":"https:\/\/kastela.hr\/en\/wp-json\/wp\/v2\/comments?post=5905"}],"version-history":[{"count":1,"href":"https:\/\/kastela.hr\/en\/wp-json\/wp\/v2\/posts\/5905\/revisions"}],"predecessor-version":[{"id":7193,"href":"https:\/\/kastela.hr\/en\/wp-json\/wp\/v2\/posts\/5905\/revisions\/7193"}],"wp:featuredmedia":[{"embeddable":true,"href":"https:\/\/kastela.hr\/en\/wp-json\/wp\/v2\/media\/5906"}],"wp:attachment":[{"href":"https:\/\/kastela.hr\/en\/wp-json\/wp\/v2\/media?parent=5905"}],"wp:term":[{"taxonomy":"category","embeddable":true,"href":"https:\/\/kastela.hr\/en\/wp-json\/wp\/v2\/categories?post=5905"},{"taxonomy":"post_tag","embeddable":true,"href":"https:\/\/kastela.hr\/en\/wp-json\/wp\/v2\/tags?post=5905"}],"curies":[{"name":"wp","href":"https:\/\/api.w.org\/{rel}","templated":true}]}}