{"id":5880,"date":"2019-08-30T19:41:00","date_gmt":"2019-08-30T17:41:00","guid":{"rendered":"https:\/\/kastela.hr\/en\/2019\/08\/30\/koncertom-nene-belana-zatvoreno-21-kastelansko-kulturno-ljeto\/"},"modified":"2024-08-29T10:48:11","modified_gmt":"2024-08-29T08:48:11","slug":"koncertom-nene-belana-zatvoreno-21-kastelansko-kulturno-ljeto","status":"publish","type":"post","link":"https:\/\/kastela.hr\/en\/2019\/08\/30\/koncertom-nene-belana-zatvoreno-21-kastelansko-kulturno-ljeto\/","title":{"rendered":"Koncertom Nene Belana zatvoreno 21. Ka\u0161telansko kulturno ljeto"},"content":{"rendered":"<p>Koncertom Nene Belana, Fiumensa i Mediteran Orchestra na prostoru su\u0107ura\u010dkog Podvorja slu\u017ebeno je zatvoreno 21. Ka\u0161telansko kulturno ljeto. Pred brojnom publikom me\u0111u kojom su bili \u010delnici Grada predvo\u0111eni gradona\u010delnikom Denisom Ivanovi\u0107em, zamjenicom Jadrankom Matok Bosan\u010di\u0107 te pro\u010delnicom Sandrom Zoki\u0107, Belan je ove ve\u010deri otpjevao svoje popularne hitove poput <em>Rijeka snova, Pri\u010daj mi o ljubavi, Da vrati je meni, Ritam tvojih koraka, A gdje si ti.<\/em><\/p>\n<p>Nakon skoro tri mjeseca i vi\u0161e od stotinu razli\u010ditih kulturnih i zabavnih doga\u0111anja utihulo je ljeto u Ka\u0161telima, a prvi \u010dovjek Grada, gradona\u010delnik Denis Ivanovi\u0107 nije krio zadovoljstvo kako posje\u0107eno\u0161\u0107u tako i raznoliko\u0161\u0107u programa u kojem su u\u017eivali Ka\u0161telani, ali i njihovi brojni gosti.<\/p>\n<p>&#8211; Ovogodi\u0161nji program kulturnog i zabavnog ljeta obuhvatio je vi\u0161e od sto razli\u010ditih manifestacija kroz protekla gotovo tri mjeseca. Potrudili smo se da svatko prona\u0111e ne\u0161to za sebe, pa je tako u programu ovogodi\u0161njeg 21. po redu Ka\u0161telanskog kulturnog ljeta bilo razli\u010ditih koncerata, predstava, izlo\u017ebi, predavanja, promocija knjiga i dje\u010djih igrokaza. Posebno bi istaknuo ovogodi\u0161nje Dane Miljenka i Dobrile za koje je publika imala samo rije\u010di hvale, Ve\u010deri dalmatinske pisme, brojne smotre folklora te nastupe poznatih hrvatskih estradnjaka poput Zdenke Kova\u010di\u010dek, Harija Ron\u010devi\u0107a, Zorice Kond\u017ee, Tedija Spalata, klape Cambi, Ibrice Jusi\u0107a, kao i zna\u010dajne obljetnice, 15. ro\u0111endan klape Neverin i 100. godina zagreba\u010dkog kvarteta. Zna\u010dajan obol u organizaciji ovogodi\u0161njih doga\u0111anja svakako su dale brojne udruge s podru\u010dja Ka\u0161tela kojima se ovim putem zahvaljujem na iskazanom trudu, a ono \u0161to vam ove ve\u010deri mogu obe\u0107ati je to kako \u0107emo se potruditi da zajedno s Turisti\u010dkom zajednicom dogodine osmislimo i realiziramo jo\u0161 bogatiji i sadr\u017eajniji program. Na ovaj na\u010din zna\u010dajno promi\u010demo i razvijamo na\u0161 turizam &ndash; kazao je gradona\u010delnik Ivanovi\u0107 napominju\u0107i kako je za ovogodi\u0161nji program iz prora\u010duna Grada i TZ izdvojeno oko 1, 5 milijuna kuna.<\/p>\n<p>Osim spomenutih, brojna publika ove je sparne su\u0107ura\u010dke no\u0107i u\u017eivala i u drugim &nbsp;Belanovim hitovima poput Pono\u0107na zvona, Ulicama grada, Ostani uz mene, Dolazi ljubav i brojnim drugim hitovima koje je publika redom nagra\u0111ivala gromoglasnim aplauzom.<\/p>\n<p>Valja spomenuti kako je u sklopu Kulturnog i zabavnog ljeta odr\u017eana Nostalgija &ndash; 10. Dani tradicije, kroz koju su se nazo\u010dni prisjetili pu\u010dkoj pjesnika Ive Cviti\u0107a, gastro program me\u0111unarodnog karaktera, dok je u Ka\u0161tel Starom uprili\u010dena i no\u0107 obrtnika koji su u grad podno Kozjaka do\u0161li iz cijele Hrvatske. U svim mjestima posjetitelji su u\u017eivali u raznim pu\u010dkim fe\u0161tama, brojnim izlo\u017ebama slika te ve\u010deri posve\u0107enoj Oliveru Dragojevi\u0107u i Jak\u0161i Fiamengu. Premda je ovogodi\u0161nje ljeto slu\u017ebeno zatvoreno, Ka\u0161telane o\u010dekuju jo\u0161 neka doga\u0111anja poput Festivala \u0161al\u0161e i salse, nastupa klape sv. Juraj i orkestra HRM-a s dirigentom Ton\u0107ijem \u0106i\u0107eri\u0107em, izlo\u017ebe slika i ve\u010deri poezije Dinka Bekavca te knji\u017eevne ve\u010deri uz Jagodu \u0160imac koja \u0107e govoriti o bajkovitoj hrvatskoj povijesti.<\/p>\n","protected":false},"excerpt":{"rendered":"<p>Koncertom Nene Belana, Fiumensa i Mediteran Orchestra na prostoru su\u0107ura\u010dkog Podvorja slu\u017ebeno je zatvoreno 21. Ka\u0161telansko kulturno ljeto. Pred brojnom [&hellip;]<\/p>\n","protected":false},"author":7,"featured_media":5881,"comment_status":"closed","ping_status":"open","sticky":false,"template":"","format":"standard","meta":{"_acf_changed":false,"footnotes":""},"categories":[1],"tags":[],"class_list":["post-5880","post","type-post","status-publish","format-standard","has-post-thumbnail","hentry","category-novosti"],"acf":[],"_links":{"self":[{"href":"https:\/\/kastela.hr\/en\/wp-json\/wp\/v2\/posts\/5880","targetHints":{"allow":["GET"]}}],"collection":[{"href":"https:\/\/kastela.hr\/en\/wp-json\/wp\/v2\/posts"}],"about":[{"href":"https:\/\/kastela.hr\/en\/wp-json\/wp\/v2\/types\/post"}],"author":[{"embeddable":true,"href":"https:\/\/kastela.hr\/en\/wp-json\/wp\/v2\/users\/7"}],"replies":[{"embeddable":true,"href":"https:\/\/kastela.hr\/en\/wp-json\/wp\/v2\/comments?post=5880"}],"version-history":[{"count":1,"href":"https:\/\/kastela.hr\/en\/wp-json\/wp\/v2\/posts\/5880\/revisions"}],"predecessor-version":[{"id":7188,"href":"https:\/\/kastela.hr\/en\/wp-json\/wp\/v2\/posts\/5880\/revisions\/7188"}],"wp:featuredmedia":[{"embeddable":true,"href":"https:\/\/kastela.hr\/en\/wp-json\/wp\/v2\/media\/5881"}],"wp:attachment":[{"href":"https:\/\/kastela.hr\/en\/wp-json\/wp\/v2\/media?parent=5880"}],"wp:term":[{"taxonomy":"category","embeddable":true,"href":"https:\/\/kastela.hr\/en\/wp-json\/wp\/v2\/categories?post=5880"},{"taxonomy":"post_tag","embeddable":true,"href":"https:\/\/kastela.hr\/en\/wp-json\/wp\/v2\/tags?post=5880"}],"curies":[{"name":"wp","href":"https:\/\/api.w.org\/{rel}","templated":true}]}}