{"id":5877,"date":"2019-09-03T05:26:00","date_gmt":"2019-09-03T03:26:00","guid":{"rendered":"https:\/\/kastela.hr\/en\/2019\/09\/03\/izlozba-slika-uz-vecer-poezije-dinka-bekavca\/"},"modified":"2024-08-29T10:48:11","modified_gmt":"2024-08-29T08:48:11","slug":"izlozba-slika-uz-vecer-poezije-dinka-bekavca","status":"publish","type":"post","link":"https:\/\/kastela.hr\/en\/2019\/09\/03\/izlozba-slika-uz-vecer-poezije-dinka-bekavca\/","title":{"rendered":"Izlo\u017eba slika uz ve\u010der poezije Dinka Bekavca"},"content":{"rendered":"<p>Ka\u0161telanski slikar Dinko Bekavac, ve\u010deras, 3.rujna s po\u010detkom u 19.30 sati u dvorcu Vitturi u Ka\u0161tel Luk\u0161i\u0107u jo\u0161 jednom \u0107e doma\u0107oj publici predstaviti dio svog bogatog slikarskog opusa i poezije.<\/p>\n<p>Dinko Bekavac, koji se aktivnim slikarstvom po\u010deo baviti u svojim umirovljeni\u010dkim danima, na svojim slikama donosi svu ljepotu, tajnovitost, vedrinu i \u010de\u017enju mora, portreta i drugih motiva, ali prvenstveno ljubavi.Svoje slike do sada je predstavio na brojnim skupnim i samostalnim izlo\u017ebama.<\/p>\n<p>Svu ljepotu prikazanu na slikama, Bekavac od prije nekoliko godina preta\u010de i u stihove pa je tako nastala i poezija , a neke od pjesama iz njegove zbirke imat \u0107e priliku \u010duti i svi oni koji do\u0111u na otvaranje izlo\u017ebe.<\/p>\n<p>Ovo doga\u0111anje organizira se kao dio programa ovogodi\u0161njeg Ka\u0161telanskog kulturnog ljeta, organizator je Grad Ka\u0161tela, a izlo\u017eba se mo\u017ee pogledati do 10. rujna.<\/p>\n<p>&nbsp;<\/p>\n","protected":false},"excerpt":{"rendered":"<p>Ka\u0161telanski slikar Dinko Bekavac, ve\u010deras, 3.rujna s po\u010detkom u 19.30 sati u dvorcu Vitturi u Ka\u0161tel Luk\u0161i\u0107u jo\u0161 jednom \u0107e [&hellip;]<\/p>\n","protected":false},"author":7,"featured_media":5878,"comment_status":"closed","ping_status":"open","sticky":false,"template":"","format":"standard","meta":{"_acf_changed":false,"footnotes":""},"categories":[1],"tags":[],"class_list":["post-5877","post","type-post","status-publish","format-standard","has-post-thumbnail","hentry","category-novosti"],"acf":[],"_links":{"self":[{"href":"https:\/\/kastela.hr\/en\/wp-json\/wp\/v2\/posts\/5877","targetHints":{"allow":["GET"]}}],"collection":[{"href":"https:\/\/kastela.hr\/en\/wp-json\/wp\/v2\/posts"}],"about":[{"href":"https:\/\/kastela.hr\/en\/wp-json\/wp\/v2\/types\/post"}],"author":[{"embeddable":true,"href":"https:\/\/kastela.hr\/en\/wp-json\/wp\/v2\/users\/7"}],"replies":[{"embeddable":true,"href":"https:\/\/kastela.hr\/en\/wp-json\/wp\/v2\/comments?post=5877"}],"version-history":[{"count":1,"href":"https:\/\/kastela.hr\/en\/wp-json\/wp\/v2\/posts\/5877\/revisions"}],"predecessor-version":[{"id":7187,"href":"https:\/\/kastela.hr\/en\/wp-json\/wp\/v2\/posts\/5877\/revisions\/7187"}],"wp:featuredmedia":[{"embeddable":true,"href":"https:\/\/kastela.hr\/en\/wp-json\/wp\/v2\/media\/5878"}],"wp:attachment":[{"href":"https:\/\/kastela.hr\/en\/wp-json\/wp\/v2\/media?parent=5877"}],"wp:term":[{"taxonomy":"category","embeddable":true,"href":"https:\/\/kastela.hr\/en\/wp-json\/wp\/v2\/categories?post=5877"},{"taxonomy":"post_tag","embeddable":true,"href":"https:\/\/kastela.hr\/en\/wp-json\/wp\/v2\/tags?post=5877"}],"curies":[{"name":"wp","href":"https:\/\/api.w.org\/{rel}","templated":true}]}}