{"id":5874,"date":"2019-09-03T10:14:00","date_gmt":"2019-09-03T08:14:00","guid":{"rendered":"https:\/\/kastela.hr\/en\/2019\/09\/03\/koncert-klape-sveti-juraj-i-orkestra-hrm-a\/"},"modified":"2024-08-29T10:48:11","modified_gmt":"2024-08-29T08:48:11","slug":"koncert-klape-sveti-juraj-i-orkestra-hrm-a","status":"publish","type":"post","link":"https:\/\/kastela.hr\/en\/2019\/09\/03\/koncert-klape-sveti-juraj-i-orkestra-hrm-a\/","title":{"rendered":"Koncert klape sveti Juraj i orkestra HRM-a"},"content":{"rendered":"<p>Ovoga petka, 6. rujna u okviru programa Ka\u0161telanskog kulturnog ljeta umjesto koncerta klape Cambi nastupit \u0107e nastupa klapa sv. Juraj i orkestar HRM-a sa dirigentom Ton\u0107ijem \u0106i\u0107eri\u0107em. Po\u010detak koncerta predvi\u0111en je u 20:30 sati na brcu u Ka\u0161tel Starom u organizaciji KKU Poklade. Koncertu prethodi Cvjetna povorka koja zapo\u010dinje u 18.30h od Nehaja do porta u Starom. Cijena ulaznice je 30 Kn.<\/p>\n","protected":false},"excerpt":{"rendered":"<p>Ovoga petka, 6. rujna u okviru programa Ka\u0161telanskog kulturnog ljeta umjesto koncerta klape Cambi nastupit \u0107e nastupa klapa sv. Juraj [&hellip;]<\/p>\n","protected":false},"author":7,"featured_media":5875,"comment_status":"closed","ping_status":"open","sticky":false,"template":"","format":"standard","meta":{"_acf_changed":false,"footnotes":""},"categories":[1],"tags":[],"class_list":["post-5874","post","type-post","status-publish","format-standard","has-post-thumbnail","hentry","category-novosti"],"acf":[],"_links":{"self":[{"href":"https:\/\/kastela.hr\/en\/wp-json\/wp\/v2\/posts\/5874","targetHints":{"allow":["GET"]}}],"collection":[{"href":"https:\/\/kastela.hr\/en\/wp-json\/wp\/v2\/posts"}],"about":[{"href":"https:\/\/kastela.hr\/en\/wp-json\/wp\/v2\/types\/post"}],"author":[{"embeddable":true,"href":"https:\/\/kastela.hr\/en\/wp-json\/wp\/v2\/users\/7"}],"replies":[{"embeddable":true,"href":"https:\/\/kastela.hr\/en\/wp-json\/wp\/v2\/comments?post=5874"}],"version-history":[{"count":1,"href":"https:\/\/kastela.hr\/en\/wp-json\/wp\/v2\/posts\/5874\/revisions"}],"predecessor-version":[{"id":7186,"href":"https:\/\/kastela.hr\/en\/wp-json\/wp\/v2\/posts\/5874\/revisions\/7186"}],"wp:featuredmedia":[{"embeddable":true,"href":"https:\/\/kastela.hr\/en\/wp-json\/wp\/v2\/media\/5875"}],"wp:attachment":[{"href":"https:\/\/kastela.hr\/en\/wp-json\/wp\/v2\/media?parent=5874"}],"wp:term":[{"taxonomy":"category","embeddable":true,"href":"https:\/\/kastela.hr\/en\/wp-json\/wp\/v2\/categories?post=5874"},{"taxonomy":"post_tag","embeddable":true,"href":"https:\/\/kastela.hr\/en\/wp-json\/wp\/v2\/tags?post=5874"}],"curies":[{"name":"wp","href":"https:\/\/api.w.org\/{rel}","templated":true}]}}