{"id":5871,"date":"2019-09-04T05:35:00","date_gmt":"2019-09-04T03:35:00","guid":{"rendered":"https:\/\/kastela.hr\/en\/2019\/09\/04\/otkazana-knjizevna-vecer-bajkovita-hrvatska-povijest\/"},"modified":"2024-08-29T10:48:11","modified_gmt":"2024-08-29T08:48:11","slug":"otkazana-knjizevna-vecer-bajkovita-hrvatska-povijest","status":"publish","type":"post","link":"https:\/\/kastela.hr\/en\/2019\/09\/04\/otkazana-knjizevna-vecer-bajkovita-hrvatska-povijest\/","title":{"rendered":"Otkazana knji\u017eevna ve\u010der &#8220;Bajkovita hrvatska povijest&#8221;"},"content":{"rendered":"<p>Knji\u017eevna ve\u010der s knji\u017eevnicom Jagodom \u0160imac pod naslovom &quot;Bajkovita hrvatska povijest&quot;, koja je u organizaciji Gradske knji\u017enice Ka\u0161tela&nbsp;trebala biti odr\u017eana u \u010detvrtak 5. rujna u Gospojskoj \u0161tradi u Ka\u0161tel Su\u0107urcu u sklopu Ka\u0161telanskog kulturnog ljeta &#8211; otkazana je.<\/p>\n","protected":false},"excerpt":{"rendered":"<p>Knji\u017eevna ve\u010der s knji\u017eevnicom Jagodom \u0160imac pod naslovom &quot;Bajkovita hrvatska povijest&quot;, koja je u organizaciji Gradske knji\u017enice Ka\u0161tela&nbsp;trebala biti odr\u017eana [&hellip;]<\/p>\n","protected":false},"author":7,"featured_media":5872,"comment_status":"closed","ping_status":"open","sticky":false,"template":"","format":"standard","meta":{"_acf_changed":false,"footnotes":""},"categories":[1],"tags":[],"class_list":["post-5871","post","type-post","status-publish","format-standard","has-post-thumbnail","hentry","category-novosti"],"acf":[],"_links":{"self":[{"href":"https:\/\/kastela.hr\/en\/wp-json\/wp\/v2\/posts\/5871","targetHints":{"allow":["GET"]}}],"collection":[{"href":"https:\/\/kastela.hr\/en\/wp-json\/wp\/v2\/posts"}],"about":[{"href":"https:\/\/kastela.hr\/en\/wp-json\/wp\/v2\/types\/post"}],"author":[{"embeddable":true,"href":"https:\/\/kastela.hr\/en\/wp-json\/wp\/v2\/users\/7"}],"replies":[{"embeddable":true,"href":"https:\/\/kastela.hr\/en\/wp-json\/wp\/v2\/comments?post=5871"}],"version-history":[{"count":1,"href":"https:\/\/kastela.hr\/en\/wp-json\/wp\/v2\/posts\/5871\/revisions"}],"predecessor-version":[{"id":7185,"href":"https:\/\/kastela.hr\/en\/wp-json\/wp\/v2\/posts\/5871\/revisions\/7185"}],"wp:featuredmedia":[{"embeddable":true,"href":"https:\/\/kastela.hr\/en\/wp-json\/wp\/v2\/media\/5872"}],"wp:attachment":[{"href":"https:\/\/kastela.hr\/en\/wp-json\/wp\/v2\/media?parent=5871"}],"wp:term":[{"taxonomy":"category","embeddable":true,"href":"https:\/\/kastela.hr\/en\/wp-json\/wp\/v2\/categories?post=5871"},{"taxonomy":"post_tag","embeddable":true,"href":"https:\/\/kastela.hr\/en\/wp-json\/wp\/v2\/tags?post=5871"}],"curies":[{"name":"wp","href":"https:\/\/api.w.org\/{rel}","templated":true}]}}