{"id":5860,"date":"2019-09-05T05:42:00","date_gmt":"2019-09-05T03:42:00","guid":{"rendered":"https:\/\/kastela.hr\/en\/2019\/09\/05\/predstavnici-grada-kastela-organizirali-prijem-za-nove-zupnike\/"},"modified":"2024-08-29T10:48:11","modified_gmt":"2024-08-29T08:48:11","slug":"predstavnici-grada-kastela-organizirali-prijem-za-nove-zupnike","status":"publish","type":"post","link":"https:\/\/kastela.hr\/en\/2019\/09\/05\/predstavnici-grada-kastela-organizirali-prijem-za-nove-zupnike\/","title":{"rendered":"Predstavnici Grada Ka\u0161tela organizirali prijem za nove \u017eupnike"},"content":{"rendered":"<p>Don Franko Prnjak novi je \u017eupnik u \u017eupi svetog Ivana Krstitelja u Ka\u0161tel Starom, a don Damir Vuleti\u0107 novi je \u017eupnik \u017eupe Bezgre\u0161nog za\u010de\u0107a Bla\u017eene Djevice Marije u Ka\u0161tel \u0160tafili\u0107u. Novi ka\u0161telanski \u017eupnici slu\u017ebu su zapo\u010deli prije dva tjedna, a predstavnici Grada Ka\u0161tela na \u010delu s gradona\u010delnikom Denisom Ivanovi\u0107em uprili\u010dili su prijem kako bi \u017eupnicima po\u017eeljeli dobrodo\u0161licu u Ka\u0161tela. Prijemu su nazo\u010dili zamjenici gradona\u010delnika Jadranka Matok Bosan\u010di\u0107 i Grgica Benuti\u0107 kao i predsjednik Gradskog vije\u0107a Ivan Udovi\u010di\u0107.<\/p>\n<p>&#8211; Grad je uvijek bio na raspolaganju svim na\u0161im \u017eupnicima tako da se veselim nastavku suradnje po pitanju rje\u0161avanja socijalnih potreba \u017eupljana i pomaganja u radu \u017eupa, te u liturgijskim i svjetovnim obi\u010dajima &ndash; kazao je gradona\u010delnik Ivanovi\u0107.<\/p>\n<p>Prema dekretu splitsko-makarskog nadbiskupa mons. Marina Bari\u0161i\u0107a dosada\u0161nji \u017eupnik Ka\u0161tel Starog, don Lovre \u0160ola, nakon deset godina djelovanja u \u017eupi Sv. Ivana Krstitelja, razrje\u0161en te slu\u017ebe i&nbsp; imenovan je za novog bolni\u010dkog kapelana tako \u0107e ubudu\u0107e \u017eupljanima Ka\u0161tel Starog biti na raspolaganju don Franko Prnjak koji je prije osam godina slu\u017eio mladu misu na Su\u0107idru. Do sada je slu\u017eio kao \u017eupni vikar u Metkovi\u0107u, \u0161to mu je bila prva slu\u017eba, a potom je bio \u017eupni vikar u \u017eupi Gospe od Otoka u Solinu. Zadnja slu\u017eba bila mu je na mjestu \u017eupnika u Ko\u0161utama.<\/p>\n<p>Nakon \u0161to je u svibnju ove godine prerano preminuo \u017eupnik \u017eupe Bezgre\u0161nog za\u010de\u0107a Bla\u017eene Djevice Marije u Ka\u0161tel \u0160tafili\u0107u don Luka Jozi\u0107, svetu misu u ovoj \u017eupi privremeno je obavljao don Jure Struji\u0107, a dekretom nadbiskupa mons. Marina Bari\u0161i\u0107a, za novog \u017eupnika imenovan je don Damir Vuleti\u0107.<\/p>\n<p>Don Damir Vuleti\u0107 bio je \u017eupni vikar u Trogiru, a potom \u017eupnik na \u0160olti, a 2007. godine oti\u0161ao na slu\u017ebovanje u \u017eupu Kraljice mira u Makarsku, gdje je bio \u017eupnik punih osam godina da bi uo\u010di dolaska u Ka\u0161tela proveo osam godina u \u017eupi&nbsp; Poho\u0111enja Bla\u017eene Djevice Marije na Spinutu.<\/p>\n<p>Na kraju prijema, predstavnici gradske vlasti su novim \u017eupnicima po\u017eeljeli ugodnu slu\u017ebu u Ka\u0161telima.<\/p>\n","protected":false},"excerpt":{"rendered":"<p>Don Franko Prnjak novi je \u017eupnik u \u017eupi svetog Ivana Krstitelja u Ka\u0161tel Starom, a don Damir Vuleti\u0107 novi je [&hellip;]<\/p>\n","protected":false},"author":7,"featured_media":5861,"comment_status":"closed","ping_status":"open","sticky":false,"template":"","format":"standard","meta":{"_acf_changed":false,"footnotes":""},"categories":[1],"tags":[],"class_list":["post-5860","post","type-post","status-publish","format-standard","has-post-thumbnail","hentry","category-novosti"],"acf":[],"_links":{"self":[{"href":"https:\/\/kastela.hr\/en\/wp-json\/wp\/v2\/posts\/5860","targetHints":{"allow":["GET"]}}],"collection":[{"href":"https:\/\/kastela.hr\/en\/wp-json\/wp\/v2\/posts"}],"about":[{"href":"https:\/\/kastela.hr\/en\/wp-json\/wp\/v2\/types\/post"}],"author":[{"embeddable":true,"href":"https:\/\/kastela.hr\/en\/wp-json\/wp\/v2\/users\/7"}],"replies":[{"embeddable":true,"href":"https:\/\/kastela.hr\/en\/wp-json\/wp\/v2\/comments?post=5860"}],"version-history":[{"count":1,"href":"https:\/\/kastela.hr\/en\/wp-json\/wp\/v2\/posts\/5860\/revisions"}],"predecessor-version":[{"id":7184,"href":"https:\/\/kastela.hr\/en\/wp-json\/wp\/v2\/posts\/5860\/revisions\/7184"}],"wp:featuredmedia":[{"embeddable":true,"href":"https:\/\/kastela.hr\/en\/wp-json\/wp\/v2\/media\/5861"}],"wp:attachment":[{"href":"https:\/\/kastela.hr\/en\/wp-json\/wp\/v2\/media?parent=5860"}],"wp:term":[{"taxonomy":"category","embeddable":true,"href":"https:\/\/kastela.hr\/en\/wp-json\/wp\/v2\/categories?post=5860"},{"taxonomy":"post_tag","embeddable":true,"href":"https:\/\/kastela.hr\/en\/wp-json\/wp\/v2\/tags?post=5860"}],"curies":[{"name":"wp","href":"https:\/\/api.w.org\/{rel}","templated":true}]}}