{"id":5851,"date":"2019-09-11T07:50:00","date_gmt":"2019-09-11T05:50:00","guid":{"rendered":"https:\/\/kastela.hr\/en\/2019\/09\/11\/likovno-knjizevna-vecer-uz-biljanu-sesar-tomislava-sovagovica-i-klapu-storija\/"},"modified":"2024-08-29T10:48:11","modified_gmt":"2024-08-29T08:48:11","slug":"likovno-knjizevna-vecer-uz-biljanu-sesar-tomislava-sovagovica-i-klapu-storija","status":"publish","type":"post","link":"https:\/\/kastela.hr\/en\/2019\/09\/11\/likovno-knjizevna-vecer-uz-biljanu-sesar-tomislava-sovagovica-i-klapu-storija\/","title":{"rendered":"Likovno-knji\u017eevna ve\u010der uz Biljanu Sesar, Tomislava \u0160ovagovi\u0107a i klapu \u0160torija"},"content":{"rendered":"<p>Kako slikarstvom, humorom i pjesmom izlije\u010diti svakodnevne probleme, otkrit \u0107e vam slikarica&nbsp;<strong>Biljana Sesar,&nbsp;<\/strong>knji\u017eevnik<strong> Tomislav \u0160ovagovi\u0107<\/strong>&nbsp;i <strong>klapa \u0160torija<\/strong> u Knji\u017eevno-likovnoj ve\u010deri &bdquo;Od rijeke do mora&ldquo; u \u010detvrtak 12. rujna u 19.30 u Nadbiskupskom ka\u0161telu u Ka\u0161tel Su\u0107urcu na adresi Gospojska \u0161trada 1.<\/p>\n<p>&nbsp;<\/p>\n<p>Tom prilikom \u0107e biti uprili\u010deno otvaranje 14. samostalne izlo\u017ebe nagra\u0111ivane slikarice&nbsp;<strong>Biljane Sesar<\/strong>, koja \u0107e se Ka\u0161telanima predstaviti s radovima nastalim u razdoblju od 2005. do 2019. godine, a podijeljeni su u \u010detiri cjeline: &ldquo;Bunska idila&rdquo;, &ldquo;Vilini konjici&rdquo;, &ldquo;Apoksiomen&rdquo; i &ldquo;Periske&rdquo; (za ciklus Periske nagra\u0111ena je prvom nagradom u Likovno-literarnom natje\u010daju Gradske knji\u017enice Ka\u0161tela &bdquo;Ka\u0161telanske \u0161torije 2019.&ldquo;). Izlo\u017eba \u0107e biti otvorena do 4. listopada.<\/p>\n<p>&nbsp;<\/p>\n<p>Po otvaranju izlo\u017ebe uslijedit \u0107e knji\u017eevna ve\u010der s&nbsp;<strong>Tomislavom \u0160ovagovi\u0107em<\/strong>, vi\u0161estruko nagra\u0111ivanim knji\u017eevnikom, teologom, novinarom i urednikom te prane\u0107akom velikog hrvatskog glumca Fabijana \u0160ovagovi\u0107a koji \u0107e se Ka\u0161telanima predstaviti s bogatim humoristi\u010dnim repertoarom objavljenih i nagra\u0111enih pri\u010da u kojima na \u0161aljiv na\u010din progovara o odrastanju u \u0160ibeniku i \u017eivotu u Slavoniji.<\/p>\n<p>Tomislav \u0160ovagovi\u0107 u svojim iznimno zabavnim knji\u017eevnim djelima iz zaborava izvla\u010di brojne humoristi\u010dne situacije iz djetinjstva i mladena\u010dkog doba, opisuju\u0107i dalmatinsko-slavonske kombinacije na jednostavan i urnebesan na\u010din.<\/p>\n<p>Upravo iz tog razloga ova knji\u017eevna ve\u010der s prane\u0107akom &ldquo;Strikana&rdquo; Fabijana \u0160ovagovi\u0107a nosi naslov &bdquo;Od komar\u010de do \u010dvaraka&ldquo;.<\/p>\n<p>&nbsp;<\/p>\n<p>U glazbenom dijelu programa nastupit \u017ee \u017eenska klapa <strong>\u0160torija<\/strong>.<\/p>\n<p>&nbsp;<\/p>\n<p><strong>Biljana Sesar<\/strong>&nbsp;ro\u0111ena je 18.10.1955. godine u Mostaru. \u0160kolu za primijenjenu umjetnost kiparskog smjera i Pedago\u0161ku akademiju likovne umjetnosti zavr\u0161ila je u Splitu. Paralelno s radom u nastavi vodila je Atelje-galeriju Sesar u Starom gradu u Mostaru. Ilustrirala je brojne slikovnice i knjige te je autorica eko-poruke video-animacije &ldquo;Crvena nit&rdquo;.&nbsp;<\/p>\n<p>U osobnosti njenih opusa pro\u017eimaju se ciklusi transformacije tradicije eko-etike, kontakta s prirodom. \u010clanica je dru\u0161tva HLU u BiH. Imala je vi\u0161e samostalnih i skupnih izlo\u017eaba. \u017divi u Mostaru i Ka\u0161tel \u0160tafili\u0107u.<\/p>\n<p>Ovom prilikom u Ka\u0161telima \u0107e predstaviti svoje radove pod naslovom &bdquo;Od rijeke do mora &ndash; periske i lo\u0161\u0107ure&ldquo;, za koje je nagra\u0111ena prvom nagradom na natje\u010daju Gradske knji\u017enice Ka\u0161tela &quot;Ka\u0161telanske \u0161torije&quot;.<\/p>\n<p>&nbsp;<\/p>\n<p><strong>Tomislav \u0160ovagovi\u0107<\/strong>&nbsp;ro\u0111en je 16.12.1976. g. u \u0160ibeniku. Diplomirani novinar i teolog, autor pet knjiga, a prvijenac, zbirka pri\u010da &bdquo;Rudnik \u010dvaraka&ldquo; (Mozaik knjiga, 2012.), nagra\u0111ena je nagradom &bdquo;Ivan i Josip Kozarac&ldquo; za knjigu godine 2012. u Vinkovcima. Objavio je i zbirke pri\u010da &bdquo;Cesta knezova bribirskih&ldquo;, &bdquo;Ispod skala&ldquo; i &bdquo;Latifundija&ldquo; te roman &bdquo;Mangan&ldquo;. Dobitnik tridesetak nagrada za poeziju, prozu i novinarstvo. \u017divi i radi u Zagrebu.<\/p>\n<p>Prva \u0160ovagovi\u0107eva zbirka kratkih pri\u010da &bdquo;Rudnik \u010dvaraka&ldquo; posveta je Slavoniji njegova djetinjstva promatranoj o\u010dima dalmatinskoga dje\u010daka, dok su zbirke kratkih pri\u010da &bdquo;Cesta knezova Bribirskih&ldquo; i &bdquo;Ispod skala&ldquo; posveta Dalmaciji i rodnom \u0160ibeniku.&nbsp;Zbirka pri\u010da &bdquo;Latifundija&ldquo; govori o \u017eivotu s Fabijanom \u0160ovagovi\u0107em, dok se kroz roman &bdquo;Mangan&ldquo; (Naklada Bo\u0161kovi\u0107) ponovno provla\u010di \u0160ibenik.<\/p>\n<p>&nbsp;<\/p>\n","protected":false},"excerpt":{"rendered":"<p>Kako slikarstvom, humorom i pjesmom izlije\u010diti svakodnevne probleme, otkrit \u0107e vam slikarica&nbsp;Biljana Sesar,&nbsp;knji\u017eevnik Tomislav \u0160ovagovi\u0107&nbsp;i klapa \u0160torija u Knji\u017eevno-likovnoj ve\u010deri [&hellip;]<\/p>\n","protected":false},"author":7,"featured_media":5852,"comment_status":"closed","ping_status":"open","sticky":false,"template":"","format":"standard","meta":{"_acf_changed":false,"footnotes":""},"categories":[1],"tags":[],"class_list":["post-5851","post","type-post","status-publish","format-standard","has-post-thumbnail","hentry","category-novosti"],"acf":[],"_links":{"self":[{"href":"https:\/\/kastela.hr\/en\/wp-json\/wp\/v2\/posts\/5851","targetHints":{"allow":["GET"]}}],"collection":[{"href":"https:\/\/kastela.hr\/en\/wp-json\/wp\/v2\/posts"}],"about":[{"href":"https:\/\/kastela.hr\/en\/wp-json\/wp\/v2\/types\/post"}],"author":[{"embeddable":true,"href":"https:\/\/kastela.hr\/en\/wp-json\/wp\/v2\/users\/7"}],"replies":[{"embeddable":true,"href":"https:\/\/kastela.hr\/en\/wp-json\/wp\/v2\/comments?post=5851"}],"version-history":[{"count":1,"href":"https:\/\/kastela.hr\/en\/wp-json\/wp\/v2\/posts\/5851\/revisions"}],"predecessor-version":[{"id":7181,"href":"https:\/\/kastela.hr\/en\/wp-json\/wp\/v2\/posts\/5851\/revisions\/7181"}],"wp:featuredmedia":[{"embeddable":true,"href":"https:\/\/kastela.hr\/en\/wp-json\/wp\/v2\/media\/5852"}],"wp:attachment":[{"href":"https:\/\/kastela.hr\/en\/wp-json\/wp\/v2\/media?parent=5851"}],"wp:term":[{"taxonomy":"category","embeddable":true,"href":"https:\/\/kastela.hr\/en\/wp-json\/wp\/v2\/categories?post=5851"},{"taxonomy":"post_tag","embeddable":true,"href":"https:\/\/kastela.hr\/en\/wp-json\/wp\/v2\/tags?post=5851"}],"curies":[{"name":"wp","href":"https:\/\/api.w.org\/{rel}","templated":true}]}}