{"id":5845,"date":"2019-09-23T08:00:00","date_gmt":"2019-09-23T06:00:00","guid":{"rendered":"https:\/\/kastela.hr\/en\/2019\/09\/23\/sazvana-17-sjednica-gradskog-vijeca-2\/"},"modified":"2024-11-28T13:28:16","modified_gmt":"2024-11-28T12:28:16","slug":"sazvana-17-sjednica-gradskog-vijeca-2","status":"publish","type":"post","link":"https:\/\/kastela.hr\/en\/2019\/09\/23\/sazvana-17-sjednica-gradskog-vijeca-2\/","title":{"rendered":"Sazvana 17. sjednica Gradskog vije\u0107a"},"content":{"rendered":"<p>Predsjednik Gradskog vije\u0107a Ivan Udovi\u010di\u0107 sazvao je 17. sjednicu Gradskog vije\u0107a Grada Ka\u0161tela za dan 24. rujna 2019. g. (utorak) u 11 sati u Gradskoj vije\u0107nici. Dnevni red se sastoji od 21 to\u010dke:<\/p>\n<p>&nbsp; 1. Usvajanje Zapisnika sa 16. sjednice Gradskog vije\u0107a<\/p>\n<p>&nbsp; 2. Vije\u0107ni\u010dka pitanja i prijedlozi<\/p>\n<p>&nbsp;&nbsp;3. Prijedlog zaklju\u010dka o davanju suglasnosti za sklapanje Ugovora o partnerstvu na projektu &bdquo;Pobolj\u0161anje vodno &#8211; komunalne infrastrukture aglomeracije Ka\u0161tela-Trogir&ldquo;<\/p>\n<p>&nbsp;&nbsp; &nbsp;&nbsp;&nbsp;&nbsp;&#8211; Izvjestitelji: predstavnici Vodovoda i kanalizacije d.o.o.<\/p>\n<p>&nbsp; 4. Prijedlog odluke &nbsp;o provo\u0111enju postupka stavljanja izvan snage Urbanisti\u010dkog plana ure\u0111enja Giri\u010di\u0107 (UPU 17)<\/p>\n<p>&nbsp;&nbsp;&nbsp; &nbsp;&nbsp;&#8211; Izvjestitelj: Boris \u0160kara, pro\u010delnik Upravnog odjela za prostorno ure\u0111enje, gradnju i za\u0161titu okoli\u0161a<\/p>\n<p>&nbsp; 5. Polugodi\u0161nji izvje\u0161taj o izvr\u0161enju Prora\u010duna Grada Ka\u0161tela za razdoblje sije\u010danj &#8211; lipanj 2019. godine<\/p>\n<p>&nbsp;&nbsp;6. Prijedlog II. Izmjena i dopuna Prora\u010duna Grada Ka\u0161tela za 2019. godinu<\/p>\n<p>&nbsp;&nbsp;&nbsp;&nbsp; &#8211; Izvjestiteljica t. 5. i t. 6.: Matija Marija \u0110iki\u0107, pro\u010delnica Upravnog odjela za financije, prora\u010dun i javnu&nbsp; nabavu<\/p>\n<p>&nbsp; 7. Prijedlog II. Izmjene Programa javnih potreba u socijalnoj skrbi i zdravstvenoj za\u0161titi Grada Ka\u0161tela za 2019. godinu<\/p>\n<p>&nbsp;&nbsp;8. Prijedlog II. Izmjene Programa financiranja javnih potreba javnih potreba u pred\u0161kolskom odgoju Grada Ka\u0161tela za 2019. godinu<\/p>\n<p>&nbsp; 9. Prijedlog II. izmjene Programa javnih potreba u kulturi Grada Ka\u0161tela za 2019. godinu<\/p>\n<p>10. Prijedlog II. Izmjene Programa javnih potreba udruga gra\u0111ana, institucija, ustanova i vjerskih zajednica Grada Ka\u0161tela za 2019. godinu<\/p>\n<p>11. Prijedlog II. Izmjene Programa javnih potreba u protupo\u017earnoj i civilnoj za\u0161titi Grada Ka\u0161tela za 2019. godinu<\/p>\n<p>12. Prijedlog odluke &nbsp;o uvjetima i na\u010dinu sufinanciranja djelatnosti dadilja na podru\u010dju Grada Ka\u0161tela<\/p>\n<p>13. Prijedlog odluke o isplati jednokratne financijske pomo\u0107i za sufinanciranje tro\u0161kova kupnje radnih bilje\u017enica za \u0161kolsku godinu 2019.\/2020.<\/p>\n<p>14. Prijedlog odluke o dono\u0161enju procjene rizika od velikih nesre\u0107a za Grad Ka\u0161tela<\/p>\n<p>&nbsp;&nbsp;&nbsp;&nbsp; &nbsp;&#8211; Izvjestiteljica t. 7. do t. 14.: Sandra Zoki\u0107, pro\u010delnica Upravnog odjela za dru\u0161tvene djelatnosti i op\u0107e poslove<\/p>\n<p>15. Prijedlog odluke o davanju suglasnosti za dugoro\u010dno zadu\u017eenje trgova\u010dkom dru\u0161tvu Zeleno i modro d.o.o.<\/p>\n<p>&nbsp;&nbsp;&nbsp;&nbsp; &#8211; Izvjestiteljica: Matija Marija \u0110iki\u0107, pro\u010delnica Upravnog odjela za financije, prora\u010dun i javnu nabavu<\/p>\n<p>16. Prijedlog odluke o davanju recikla\u017enog dvori\u0161ta na upravljanje trgova\u010dkom dru\u0161tvu Zeleno i modro d.o.o.<\/p>\n<p>&nbsp; &nbsp;&nbsp;&nbsp;&nbsp;&#8211; Izvjestiteljica: Marija Pelivan, pro\u010delnica Upravnog odjela za komunalno gospodarstvo i imovinsko &ndash; pravne poslove<\/p>\n<p>17. Prijedlog odluke o na\u010dinu financiranja predstavnika bo\u0161nja\u010dke nacionalne manjine za 2019. g.<\/p>\n<p>&nbsp; &nbsp;&nbsp;&nbsp;&nbsp;&#8211; Izvjestiteljica: Vi\u0161nja \u0160pika, vi\u0161a savjetnica za poslove Gradskog vije\u0107a i&nbsp;pravne poslove u Upravnom odjelu za poslove Gradona\u010delnika i Gradskog vije\u0107a<\/p>\n<p>18. Prijedlog odluke &nbsp;o ukidanje statusa javnog dobra u op\u0107oj uporabi za \u010dest. zem. 6567\/1 i 6568 k.o. Ka\u0161tel Su\u0107urac<\/p>\n<p>19. Prijedlog odluke &nbsp;o ukidanje statusa javnog dobra u op\u0107oj uporabi za 12\/2630 dijela \u010dest. zem. 1778\/2 k.o. Ka\u0161tel Novi&nbsp;<\/p>\n<p>&nbsp; &nbsp;&nbsp;&nbsp;&nbsp;&#8211; Izvjestiteljica t.18. i t.19.: Marija Pelivan, pro\u010delnica Upravnog odjela za komunalno gospodarstvo i imovinsko &ndash; pravne poslove<\/p>\n<p>20. Prijedlog zaklju\u010dka o dono\u0161enju i objavi pro\u010di\u0161\u0107enog teksta odredbi za provedu Prostornog plana ure\u0111enja Grada Ka\u0161tela<\/p>\n<p>21. Prijedlog zaklju\u010dka o dono\u0161enju i objavi pro\u010di\u0161\u0107enog teksta odredbi za provedbu Generalnog urbanisti\u010dkog plana ure\u0111enja Ka\u0161tela<\/p>\n<p>&nbsp;&nbsp;&nbsp; &nbsp;&nbsp;&#8211; Izvjestitelj t. 20. i t. 21.: Boris \u0160kara, pro\u010delnik &nbsp;Upravnog odjela za prostorno ure\u0111enje, gradnju i za\u0161titu okoli\u0161a<\/p>\n<p>&nbsp;&nbsp; &nbsp;&nbsp;&nbsp;&nbsp;Napomena: Materijali uz t.20. i 21. biti \u0107e naknadno dostupni.<\/p>\n<p>&nbsp;<\/p>\n<p><strong>Materijale i poziv na 17. sjednicu Gradskog vije\u0107a mo\u017eete preuzeti&nbsp;linku ispod teksta<\/strong><\/p>\n","protected":false},"excerpt":{"rendered":"<p>Predsjednik Gradskog vije\u0107a Ivan Udovi\u010di\u0107 sazvao je 17. sjednicu Gradskog vije\u0107a Grada Ka\u0161tela za dan 24. rujna 2019. g. (utorak) [&hellip;]<\/p>\n","protected":false},"author":7,"featured_media":5846,"comment_status":"closed","ping_status":"open","sticky":false,"template":"","format":"standard","meta":{"_acf_changed":false,"footnotes":""},"categories":[1],"tags":[],"class_list":["post-5845","post","type-post","status-publish","format-standard","has-post-thumbnail","hentry","category-novosti"],"acf":[],"_links":{"self":[{"href":"https:\/\/kastela.hr\/en\/wp-json\/wp\/v2\/posts\/5845","targetHints":{"allow":["GET"]}}],"collection":[{"href":"https:\/\/kastela.hr\/en\/wp-json\/wp\/v2\/posts"}],"about":[{"href":"https:\/\/kastela.hr\/en\/wp-json\/wp\/v2\/types\/post"}],"author":[{"embeddable":true,"href":"https:\/\/kastela.hr\/en\/wp-json\/wp\/v2\/users\/7"}],"replies":[{"embeddable":true,"href":"https:\/\/kastela.hr\/en\/wp-json\/wp\/v2\/comments?post=5845"}],"version-history":[{"count":2,"href":"https:\/\/kastela.hr\/en\/wp-json\/wp\/v2\/posts\/5845\/revisions"}],"predecessor-version":[{"id":14340,"href":"https:\/\/kastela.hr\/en\/wp-json\/wp\/v2\/posts\/5845\/revisions\/14340"}],"wp:featuredmedia":[{"embeddable":true,"href":"https:\/\/kastela.hr\/en\/wp-json\/wp\/v2\/media\/5846"}],"wp:attachment":[{"href":"https:\/\/kastela.hr\/en\/wp-json\/wp\/v2\/media?parent=5845"}],"wp:term":[{"taxonomy":"category","embeddable":true,"href":"https:\/\/kastela.hr\/en\/wp-json\/wp\/v2\/categories?post=5845"},{"taxonomy":"post_tag","embeddable":true,"href":"https:\/\/kastela.hr\/en\/wp-json\/wp\/v2\/tags?post=5845"}],"curies":[{"name":"wp","href":"https:\/\/api.w.org\/{rel}","templated":true}]}}