{"id":5842,"date":"2019-09-17T08:00:00","date_gmt":"2019-09-17T06:00:00","guid":{"rendered":"https:\/\/kastela.hr\/en\/2019\/09\/17\/otvorenje-galerije-fra-bernardin-sokol\/"},"modified":"2024-08-29T10:48:11","modified_gmt":"2024-08-29T08:48:11","slug":"otvorenje-galerije-fra-bernardin-sokol","status":"publish","type":"post","link":"https:\/\/kastela.hr\/en\/2019\/09\/17\/otvorenje-galerije-fra-bernardin-sokol\/","title":{"rendered":"Otvorenje galerije fra Bernardin Sokol"},"content":{"rendered":"<p>Danas s po\u010detkom u 17 sati odr\u017eat \u0107e se otvorenje galerije &quot;Fra Bernardin Sokol&quot; na Badiji kraj Kor\u010dule u stalnom postavu akademskog kipara i slikara Izvora Oreba i Emilije Karlavaris. Galeriju \u0107e sve\u010dano otvoriti uz prigodan program predsjednica Republike Hrvatske Kolinda Grabar Kitarovi\u0107, a otvorenju \u0107e nazo\u010diti Mili Bratin\u010devi\u0107 i Mihovil Bio\u010di\u0107 iz Dru\u0161tva Bija\u0107i.<\/p>\n","protected":false},"excerpt":{"rendered":"<p>Danas s po\u010detkom u 17 sati odr\u017eat \u0107e se otvorenje galerije &quot;Fra Bernardin Sokol&quot; na Badiji kraj Kor\u010dule u stalnom [&hellip;]<\/p>\n","protected":false},"author":7,"featured_media":5843,"comment_status":"closed","ping_status":"open","sticky":false,"template":"","format":"standard","meta":{"_acf_changed":false,"footnotes":""},"categories":[1],"tags":[],"class_list":["post-5842","post","type-post","status-publish","format-standard","has-post-thumbnail","hentry","category-novosti"],"acf":[],"_links":{"self":[{"href":"https:\/\/kastela.hr\/en\/wp-json\/wp\/v2\/posts\/5842","targetHints":{"allow":["GET"]}}],"collection":[{"href":"https:\/\/kastela.hr\/en\/wp-json\/wp\/v2\/posts"}],"about":[{"href":"https:\/\/kastela.hr\/en\/wp-json\/wp\/v2\/types\/post"}],"author":[{"embeddable":true,"href":"https:\/\/kastela.hr\/en\/wp-json\/wp\/v2\/users\/7"}],"replies":[{"embeddable":true,"href":"https:\/\/kastela.hr\/en\/wp-json\/wp\/v2\/comments?post=5842"}],"version-history":[{"count":1,"href":"https:\/\/kastela.hr\/en\/wp-json\/wp\/v2\/posts\/5842\/revisions"}],"predecessor-version":[{"id":7179,"href":"https:\/\/kastela.hr\/en\/wp-json\/wp\/v2\/posts\/5842\/revisions\/7179"}],"wp:featuredmedia":[{"embeddable":true,"href":"https:\/\/kastela.hr\/en\/wp-json\/wp\/v2\/media\/5843"}],"wp:attachment":[{"href":"https:\/\/kastela.hr\/en\/wp-json\/wp\/v2\/media?parent=5842"}],"wp:term":[{"taxonomy":"category","embeddable":true,"href":"https:\/\/kastela.hr\/en\/wp-json\/wp\/v2\/categories?post=5842"},{"taxonomy":"post_tag","embeddable":true,"href":"https:\/\/kastela.hr\/en\/wp-json\/wp\/v2\/tags?post=5842"}],"curies":[{"name":"wp","href":"https:\/\/api.w.org\/{rel}","templated":true}]}}