{"id":5833,"date":"2019-09-18T06:42:00","date_gmt":"2019-09-18T04:42:00","guid":{"rendered":"https:\/\/kastela.hr\/en\/2019\/09\/18\/predsjednica-rh-otvorila-umjetnicku-galeriju-fra-bernardin-sokol-u-franjevackom-samostanu-na-badiji\/"},"modified":"2024-08-29T10:48:11","modified_gmt":"2024-08-29T08:48:11","slug":"predsjednica-rh-otvorila-umjetnicku-galeriju-fra-bernardin-sokol-u-franjevackom-samostanu-na-badiji","status":"publish","type":"post","link":"https:\/\/kastela.hr\/en\/2019\/09\/18\/predsjednica-rh-otvorila-umjetnicku-galeriju-fra-bernardin-sokol-u-franjevackom-samostanu-na-badiji\/","title":{"rendered":"Predsjednica RH otvorila umjetni\u010dku galeriju \u201eFra Bernardin Sokol\u201c u franjeva\u010dkom samostanu na Badiji"},"content":{"rendered":"<p>Predsjednica RH Kolinda Grabar Kitarovi\u0107 otvorila je umjetni\u010dku galeriju &bdquo;Fra Bernardin Sokol&ldquo; u franjeva\u010dkom samostanu na Badiji, uz stalni postav akademskih kipara i slikara Izvora Oreba i Emilije Karlavaris.<\/p>\n<p>Sve\u010danosti otvorenja je prisustvovao \u017eupan Nikola Dobroslavi\u0107, gradona\u010delnik Kor\u010dule sa svojim zamjenikom te provincijal Hercegova\u010dke franjeva\u010dke provincije fra Miljenko \u0160teko, huma\u010dki gvardijan fra Dario Dodig, velja\u010dki \u017eupnik fra Stipan Klari\u0107, Mili Bratin\u010devi\u0107 i Mihovil Bio\u010di\u0107 u ime&nbsp;Organizacijskog odbora obilje\u017eavanja obljetnice fra Bernardina Sokola&nbsp;i&nbsp;brojni drugi uzvanici.<\/p>\n<p>Galerija nosi ime po Fra Bernardinu Sokolu (1888. &ndash; 1944.), hrvatskom glazbeniku i muzikologu koji je nevin i bez suda smaknut nakon \u0161to su ga iz samostana na Badiji u no\u0107i 28. rujna 1944. godine odveli partizani, a tijelo mu je danima kasnije prona\u0111eno na obali kod Orebi\u0107a.<\/p>\n<p>Predsjednica je ovom prilikom posjetila i \u0160koj Vrnik gdje je upoznala sve zna\u010dajke vrni\u010dkih kamenoloma koje je prezentirala Sun\u010dana \u017dakni\u0107.<\/p>\n<p>&nbsp;<\/p>\n","protected":false},"excerpt":{"rendered":"<p>Predsjednica RH Kolinda Grabar Kitarovi\u0107 otvorila je umjetni\u010dku galeriju &bdquo;Fra Bernardin Sokol&ldquo; u franjeva\u010dkom samostanu na Badiji, uz stalni postav [&hellip;]<\/p>\n","protected":false},"author":7,"featured_media":5834,"comment_status":"closed","ping_status":"open","sticky":false,"template":"","format":"standard","meta":{"_acf_changed":false,"footnotes":""},"categories":[1],"tags":[],"class_list":["post-5833","post","type-post","status-publish","format-standard","has-post-thumbnail","hentry","category-novosti"],"acf":[],"_links":{"self":[{"href":"https:\/\/kastela.hr\/en\/wp-json\/wp\/v2\/posts\/5833","targetHints":{"allow":["GET"]}}],"collection":[{"href":"https:\/\/kastela.hr\/en\/wp-json\/wp\/v2\/posts"}],"about":[{"href":"https:\/\/kastela.hr\/en\/wp-json\/wp\/v2\/types\/post"}],"author":[{"embeddable":true,"href":"https:\/\/kastela.hr\/en\/wp-json\/wp\/v2\/users\/7"}],"replies":[{"embeddable":true,"href":"https:\/\/kastela.hr\/en\/wp-json\/wp\/v2\/comments?post=5833"}],"version-history":[{"count":1,"href":"https:\/\/kastela.hr\/en\/wp-json\/wp\/v2\/posts\/5833\/revisions"}],"predecessor-version":[{"id":7177,"href":"https:\/\/kastela.hr\/en\/wp-json\/wp\/v2\/posts\/5833\/revisions\/7177"}],"wp:featuredmedia":[{"embeddable":true,"href":"https:\/\/kastela.hr\/en\/wp-json\/wp\/v2\/media\/5834"}],"wp:attachment":[{"href":"https:\/\/kastela.hr\/en\/wp-json\/wp\/v2\/media?parent=5833"}],"wp:term":[{"taxonomy":"category","embeddable":true,"href":"https:\/\/kastela.hr\/en\/wp-json\/wp\/v2\/categories?post=5833"},{"taxonomy":"post_tag","embeddable":true,"href":"https:\/\/kastela.hr\/en\/wp-json\/wp\/v2\/tags?post=5833"}],"curies":[{"name":"wp","href":"https:\/\/api.w.org\/{rel}","templated":true}]}}