{"id":5824,"date":"2019-09-23T07:45:00","date_gmt":"2019-09-23T05:45:00","guid":{"rendered":"https:\/\/kastela.hr\/en\/2019\/09\/23\/obavijest-o-sanaciji-cjevovoda-u-kastel-sucurcu\/"},"modified":"2024-08-29T10:48:11","modified_gmt":"2024-08-29T08:48:11","slug":"obavijest-o-sanaciji-cjevovoda-u-kastel-sucurcu","status":"publish","type":"post","link":"https:\/\/kastela.hr\/en\/2019\/09\/23\/obavijest-o-sanaciji-cjevovoda-u-kastel-sucurcu\/","title":{"rendered":"Obavijest o sanaciji cjevovoda u Ka\u0161tel Su\u0107urcu"},"content":{"rendered":"<p>Iz Vodovoda i kanalizacije obavje\u0161tavaju gra\u0111ane da \u0107e se sutra obavljati popravak cjevovoda u Ka\u0161tel Su\u0107urcu. Obavje\u0161tavaju potro\u0161a\u010de vode u Ka\u0161tel Su\u0107urcu, ispod ceste D8 (magistrala) da zbog radova na vodovodnoj mre\u017ei mo\u017ee do\u0107i do poreme\u0107aja u vodoopskrbi vodom 24. rujna 2019. (utorak) u vremenu od 9:00 do 15:00 sati. Za to vrijeme&nbsp;bit \u0107e isklju\u010deni semafori kod Osnovne \u0161kole kneza Mislava i na Gospici tako da \u0107e na snazi biti privremena regulacija prometa.&nbsp;<\/p>\n<p>&nbsp;<\/p>\n<p>&nbsp;<\/p>\n<p>&nbsp;<\/p>\n","protected":false},"excerpt":{"rendered":"<p>Iz Vodovoda i kanalizacije obavje\u0161tavaju gra\u0111ane da \u0107e se sutra obavljati popravak cjevovoda u Ka\u0161tel Su\u0107urcu. Obavje\u0161tavaju potro\u0161a\u010de vode u [&hellip;]<\/p>\n","protected":false},"author":7,"featured_media":5825,"comment_status":"closed","ping_status":"open","sticky":false,"template":"","format":"standard","meta":{"_acf_changed":false,"footnotes":""},"categories":[1],"tags":[],"class_list":["post-5824","post","type-post","status-publish","format-standard","has-post-thumbnail","hentry","category-novosti"],"acf":[],"_links":{"self":[{"href":"https:\/\/kastela.hr\/en\/wp-json\/wp\/v2\/posts\/5824","targetHints":{"allow":["GET"]}}],"collection":[{"href":"https:\/\/kastela.hr\/en\/wp-json\/wp\/v2\/posts"}],"about":[{"href":"https:\/\/kastela.hr\/en\/wp-json\/wp\/v2\/types\/post"}],"author":[{"embeddable":true,"href":"https:\/\/kastela.hr\/en\/wp-json\/wp\/v2\/users\/7"}],"replies":[{"embeddable":true,"href":"https:\/\/kastela.hr\/en\/wp-json\/wp\/v2\/comments?post=5824"}],"version-history":[{"count":1,"href":"https:\/\/kastela.hr\/en\/wp-json\/wp\/v2\/posts\/5824\/revisions"}],"predecessor-version":[{"id":7173,"href":"https:\/\/kastela.hr\/en\/wp-json\/wp\/v2\/posts\/5824\/revisions\/7173"}],"wp:featuredmedia":[{"embeddable":true,"href":"https:\/\/kastela.hr\/en\/wp-json\/wp\/v2\/media\/5825"}],"wp:attachment":[{"href":"https:\/\/kastela.hr\/en\/wp-json\/wp\/v2\/media?parent=5824"}],"wp:term":[{"taxonomy":"category","embeddable":true,"href":"https:\/\/kastela.hr\/en\/wp-json\/wp\/v2\/categories?post=5824"},{"taxonomy":"post_tag","embeddable":true,"href":"https:\/\/kastela.hr\/en\/wp-json\/wp\/v2\/tags?post=5824"}],"curies":[{"name":"wp","href":"https:\/\/api.w.org\/{rel}","templated":true}]}}