{"id":5806,"date":"2019-10-01T03:00:00","date_gmt":"2019-10-01T01:00:00","guid":{"rendered":"https:\/\/kastela.hr\/en\/2019\/10\/01\/video-odrzana-17-sjednica-gradskog-vijeca\/"},"modified":"2024-08-29T10:48:11","modified_gmt":"2024-08-29T08:48:11","slug":"video-odrzana-17-sjednica-gradskog-vijeca","status":"publish","type":"post","link":"https:\/\/kastela.hr\/en\/2019\/10\/01\/video-odrzana-17-sjednica-gradskog-vijeca\/","title":{"rendered":"VIDEO: Odr\u017eana 17. sjednica Gradskog vije\u0107a"},"content":{"rendered":"<p>Sjednica Gradskog vije\u0107a, 17. po redu u ovom sazivu, zapo\u010dela je usvajanjem zapisnika s 16. sjednice nakon \u010dega su uslijedila vije\u0107ni\u010dka pitanja, a potom su, ve\u0107inom glasova, usvojene sve to\u010dke dnevnog reda.<\/p>\n<p>Me\u0111u ostalim to\u010dkama, usvojen je prijedlog II. izmjena i dopuna Prora\u010duna Grada Ka\u0161tela za 2019.godinu kao i polugodi\u0161nji izvje\u0161taj o izvr\u0161enju Prora\u010duna<\/p>\n<p>&#8211; Rebalans je donesen isklju\u010divo zbog radnih bilje\u017enica za sve na\u0161e osnovno\u0161kolce kojih je u Ka\u0161telima gotovo 4 000. Gradski vije\u0107nici prihvatili su prijedlog da 200 kn dobiju roditelji za djecu od prvog do \u010detvrtog razreda, a od petog do osmog razreda 300 kn. Moram spomenuti da su ove godine sva djeca upisana u vrti\u0107 jer smo imali dodatne ugovore s privatnim vrti\u0107ima, a vije\u0107nici su usvojili i prijedlog odluke o sufinanciranju dadilja na podru\u010dju na\u0161eg grada &ndash; kazao je gradona\u010delnik Denis Ivanovi\u0107.<\/p>\n<p>Gradsko vije\u0107e tako\u0111er je prihvatilo prijedlog odluke o davanju suglasnosti za dugoro\u010dno zadu\u017eenje trgova\u010dkom dru\u0161tvu Zeleno i modro d.o.o. za kupnju dva nova kamiona, a istom dru\u0161tvu predano je na upravljanje recikla\u017eno dvori\u0161te u Rudinama.<\/p>\n<p>&nbsp;<\/p>\n<p>&nbsp;<\/p>\n","protected":false},"excerpt":{"rendered":"<p>Sjednica Gradskog vije\u0107a, 17. po redu u ovom sazivu, zapo\u010dela je usvajanjem zapisnika s 16. sjednice nakon \u010dega su uslijedila [&hellip;]<\/p>\n","protected":false},"author":7,"featured_media":5807,"comment_status":"closed","ping_status":"open","sticky":false,"template":"","format":"standard","meta":{"_acf_changed":false,"footnotes":""},"categories":[1],"tags":[],"class_list":["post-5806","post","type-post","status-publish","format-standard","has-post-thumbnail","hentry","category-novosti"],"acf":[],"_links":{"self":[{"href":"https:\/\/kastela.hr\/en\/wp-json\/wp\/v2\/posts\/5806","targetHints":{"allow":["GET"]}}],"collection":[{"href":"https:\/\/kastela.hr\/en\/wp-json\/wp\/v2\/posts"}],"about":[{"href":"https:\/\/kastela.hr\/en\/wp-json\/wp\/v2\/types\/post"}],"author":[{"embeddable":true,"href":"https:\/\/kastela.hr\/en\/wp-json\/wp\/v2\/users\/7"}],"replies":[{"embeddable":true,"href":"https:\/\/kastela.hr\/en\/wp-json\/wp\/v2\/comments?post=5806"}],"version-history":[{"count":1,"href":"https:\/\/kastela.hr\/en\/wp-json\/wp\/v2\/posts\/5806\/revisions"}],"predecessor-version":[{"id":7162,"href":"https:\/\/kastela.hr\/en\/wp-json\/wp\/v2\/posts\/5806\/revisions\/7162"}],"wp:featuredmedia":[{"embeddable":true,"href":"https:\/\/kastela.hr\/en\/wp-json\/wp\/v2\/media\/5807"}],"wp:attachment":[{"href":"https:\/\/kastela.hr\/en\/wp-json\/wp\/v2\/media?parent=5806"}],"wp:term":[{"taxonomy":"category","embeddable":true,"href":"https:\/\/kastela.hr\/en\/wp-json\/wp\/v2\/categories?post=5806"},{"taxonomy":"post_tag","embeddable":true,"href":"https:\/\/kastela.hr\/en\/wp-json\/wp\/v2\/tags?post=5806"}],"curies":[{"name":"wp","href":"https:\/\/api.w.org\/{rel}","templated":true}]}}