{"id":5794,"date":"2019-09-26T09:20:00","date_gmt":"2019-09-26T07:20:00","guid":{"rendered":"https:\/\/kastela.hr\/en\/2019\/09\/26\/pola-milijuna-kuna-potpore-kastelanskim-poduzetnicima\/"},"modified":"2024-08-29T10:48:11","modified_gmt":"2024-08-29T08:48:11","slug":"pola-milijuna-kuna-potpore-kastelanskim-poduzetnicima","status":"publish","type":"post","link":"https:\/\/kastela.hr\/en\/2019\/09\/26\/pola-milijuna-kuna-potpore-kastelanskim-poduzetnicima\/","title":{"rendered":"Pola milijuna kuna potpore ka\u0161telanskim poduzetnicima"},"content":{"rendered":"<p>Predstavnici Grada Ka\u0161tela na \u010delu s gradona\u010delnikom Denisom Ivanovi\u0107em uprili\u010dili su sve\u010dano potpisivanje ugovora za 15 poduzetnika koji su se javili na javni poziv raspisan u svrhu dodjele potpora za razvoj poduzetni\u0161tva u ovoj godini.<\/p>\n<p>&#8211; Rije\u010d je o novoj mjeri kojom smo na\u0161im poduzetnicima podijelili ukupno pola milijuna kuna bilo da je rije\u010d o mladim poduzetnicima ili onima koji ve\u0107 imaju svoje tvrtke i uredno posluju. S obzirom da svojim radom ujedno doprinose gradskom prora\u010dunu i otvaraju nova radna mjesta, ovo je jedan na\u010din na koji smo im odlu\u010dili zahvaliti za trud i zalaganje. Ovu poticajnu mjeru nastavit \u0107emo i idu\u0107e godine kada \u0107emo pripremiti i poticajnu mjeru za poljoprivrednike s podru\u010dja Ka\u0161tela kojima \u0107e tako\u0111er mnogo zna\u010diti svaki dodatni izvor prihoda &ndash; kazao je gradona\u010delnik Ivanovi\u0107.<\/p>\n<p>Potpore su odobrene i dodijeljene u skladu s propisima o dr\u017eavnoj potpori i odobrene su&nbsp;samo onim korisnicima koji ve\u0107 nisu koristili najve\u0107i dopu\u0161teni iznos dr\u017eavne potpore za iste opravdane tro\u0161kove, odnosno dopu\u0161teni iznos dr\u017eavne potpore male vrijednosti. Gospodarskim subjektima koji imaju registrirano sjedi\u0161te na podru\u010dju grada Ka\u0161tela tako\u0111er su dodijeljene potpore, a morali su imati najmanje jednog zaposlenika&nbsp;koji ujedno mo\u017ee biti i vlasnik gospodarskog subjekta.<\/p>\n<p>Sredstva potpore upla\u0107uju se na ra\u010dun korisnika, a sve u roku od 60 dana od dana potpisivanja ugovora.<\/p>\n","protected":false},"excerpt":{"rendered":"<p>Predstavnici Grada Ka\u0161tela na \u010delu s gradona\u010delnikom Denisom Ivanovi\u0107em uprili\u010dili su sve\u010dano potpisivanje ugovora za 15 poduzetnika koji su se [&hellip;]<\/p>\n","protected":false},"author":7,"featured_media":5795,"comment_status":"closed","ping_status":"open","sticky":false,"template":"","format":"standard","meta":{"_acf_changed":false,"footnotes":""},"categories":[1],"tags":[],"class_list":["post-5794","post","type-post","status-publish","format-standard","has-post-thumbnail","hentry","category-novosti"],"acf":[],"_links":{"self":[{"href":"https:\/\/kastela.hr\/en\/wp-json\/wp\/v2\/posts\/5794","targetHints":{"allow":["GET"]}}],"collection":[{"href":"https:\/\/kastela.hr\/en\/wp-json\/wp\/v2\/posts"}],"about":[{"href":"https:\/\/kastela.hr\/en\/wp-json\/wp\/v2\/types\/post"}],"author":[{"embeddable":true,"href":"https:\/\/kastela.hr\/en\/wp-json\/wp\/v2\/users\/7"}],"replies":[{"embeddable":true,"href":"https:\/\/kastela.hr\/en\/wp-json\/wp\/v2\/comments?post=5794"}],"version-history":[{"count":1,"href":"https:\/\/kastela.hr\/en\/wp-json\/wp\/v2\/posts\/5794\/revisions"}],"predecessor-version":[{"id":7170,"href":"https:\/\/kastela.hr\/en\/wp-json\/wp\/v2\/posts\/5794\/revisions\/7170"}],"wp:featuredmedia":[{"embeddable":true,"href":"https:\/\/kastela.hr\/en\/wp-json\/wp\/v2\/media\/5795"}],"wp:attachment":[{"href":"https:\/\/kastela.hr\/en\/wp-json\/wp\/v2\/media?parent=5794"}],"wp:term":[{"taxonomy":"category","embeddable":true,"href":"https:\/\/kastela.hr\/en\/wp-json\/wp\/v2\/categories?post=5794"},{"taxonomy":"post_tag","embeddable":true,"href":"https:\/\/kastela.hr\/en\/wp-json\/wp\/v2\/tags?post=5794"}],"curies":[{"name":"wp","href":"https:\/\/api.w.org\/{rel}","templated":true}]}}