{"id":5791,"date":"2019-09-26T10:13:00","date_gmt":"2019-09-26T08:13:00","guid":{"rendered":"https:\/\/kastela.hr\/en\/2019\/09\/26\/misa-u-cast-fra-bernardinu-sokolu\/"},"modified":"2024-08-29T10:48:11","modified_gmt":"2024-08-29T08:48:11","slug":"misa-u-cast-fra-bernardinu-sokolu","status":"publish","type":"post","link":"https:\/\/kastela.hr\/en\/2019\/09\/26\/misa-u-cast-fra-bernardinu-sokolu\/","title":{"rendered":"Misa u \u010dast fra Bernardinu Sokolu"},"content":{"rendered":"<p>Misa u \u010dast mu\u010denika fra Bernardina Sokola, odr\u017eat \u0107e&nbsp; u subotu&nbsp; 28. rujna 2019. s po\u010detkom u 8 sati, u \u017dupnoj crkvi Sv. Jurja u Ka\u0161tel Su\u0107urcu. Uz su\u0107ura\u010dkog \u017eupnika don Ivana Deli\u0107a, sudjelovanje u misnom slavlju najavljeni su u ime Provincije Sv. Jeronima&nbsp; u Zadru&nbsp;gvardijan samostana Sv. Ante iz Splita fra Anzelmo Stuli\u0107&nbsp; i fra Bernardin \u0160kunca .<\/p>\n<p>&nbsp;<\/p>\n","protected":false},"excerpt":{"rendered":"<p>Misa u \u010dast mu\u010denika fra Bernardina Sokola, odr\u017eat \u0107e&nbsp; u subotu&nbsp; 28. rujna 2019. s po\u010detkom u 8 sati, u [&hellip;]<\/p>\n","protected":false},"author":7,"featured_media":5792,"comment_status":"closed","ping_status":"open","sticky":false,"template":"","format":"standard","meta":{"_acf_changed":false,"footnotes":""},"categories":[1],"tags":[],"class_list":["post-5791","post","type-post","status-publish","format-standard","has-post-thumbnail","hentry","category-novosti"],"acf":[],"_links":{"self":[{"href":"https:\/\/kastela.hr\/en\/wp-json\/wp\/v2\/posts\/5791","targetHints":{"allow":["GET"]}}],"collection":[{"href":"https:\/\/kastela.hr\/en\/wp-json\/wp\/v2\/posts"}],"about":[{"href":"https:\/\/kastela.hr\/en\/wp-json\/wp\/v2\/types\/post"}],"author":[{"embeddable":true,"href":"https:\/\/kastela.hr\/en\/wp-json\/wp\/v2\/users\/7"}],"replies":[{"embeddable":true,"href":"https:\/\/kastela.hr\/en\/wp-json\/wp\/v2\/comments?post=5791"}],"version-history":[{"count":1,"href":"https:\/\/kastela.hr\/en\/wp-json\/wp\/v2\/posts\/5791\/revisions"}],"predecessor-version":[{"id":7169,"href":"https:\/\/kastela.hr\/en\/wp-json\/wp\/v2\/posts\/5791\/revisions\/7169"}],"wp:featuredmedia":[{"embeddable":true,"href":"https:\/\/kastela.hr\/en\/wp-json\/wp\/v2\/media\/5792"}],"wp:attachment":[{"href":"https:\/\/kastela.hr\/en\/wp-json\/wp\/v2\/media?parent=5791"}],"wp:term":[{"taxonomy":"category","embeddable":true,"href":"https:\/\/kastela.hr\/en\/wp-json\/wp\/v2\/categories?post=5791"},{"taxonomy":"post_tag","embeddable":true,"href":"https:\/\/kastela.hr\/en\/wp-json\/wp\/v2\/tags?post=5791"}],"curies":[{"name":"wp","href":"https:\/\/api.w.org\/{rel}","templated":true}]}}