{"id":5788,"date":"2019-09-27T03:49:00","date_gmt":"2019-09-27T01:49:00","guid":{"rendered":"https:\/\/kastela.hr\/en\/2019\/09\/27\/ministrica-poljoprivrede-otvorila-radove-u-ribarskoj-luci-na-brizinama\/"},"modified":"2024-08-29T10:48:11","modified_gmt":"2024-08-29T08:48:11","slug":"ministrica-poljoprivrede-otvorila-radove-u-ribarskoj-luci-na-brizinama","status":"publish","type":"post","link":"https:\/\/kastela.hr\/en\/2019\/09\/27\/ministrica-poljoprivrede-otvorila-radove-u-ribarskoj-luci-na-brizinama\/","title":{"rendered":"Ministrica poljoprivrede otvorila radove u ribarskoj luci na Bri\u017einama"},"content":{"rendered":"<p>Ministrica poljoprivrede Marija Vu\u010dkovi\u0107 slu\u017ebeno je otvorila radove na izgradnji i ure\u0111enju ribarske luke na Bri\u017einama, projektu vrijednom 45 milijuna kuna kojim \u0107e se izgraditi dodatni objekti, urediti obala i pove\u0107ati kapacitet prihvata brodova.<\/p>\n<p>&#8211; Za ovaj projekt iz Operativnog programa za pomorstvo i ribarstvo osigurano je 36 milijuna kuna. Svjedoci smo brojnih kritika da se desetlje\u0107ima u Hrvatskoj nije ulagalo u ribarstvo i ribari se \u010desto \u017eale na postoje\u0107u infrastrukturu &#8211; kazala je Vu\u010dkovi\u0107.<\/p>\n<p>Nedostatak vezova, opreme za hla\u0111enje i sli\u010dno, tek je maleni dio onoga \u0161to radnicima nedostaje.<\/p>\n<p>-Sada je odobreno \u0161est projekata, dva u Istri, na Rabu, Ugljanu, Ga\u017eenica i kao najju\u017eniji projekt Bri\u017eine. No to nije sve, jer uskoro kre\u0107e novo programsko razdoblje i ja se nadam da je ispred nas period od jedno desetak godina istinskog ulaganja u ribarsku infrastrukturu &#8211; obe\u0107ala je Vu\u010dkovi\u0107.<\/p>\n<p>&#8211; Ure\u0111enjem ove luke pove\u0107at \u0107e se kapaciteti, dobit \u0107emo 12 vezova, bit \u0107e saniran podmorski i nadmorski dio obalnih zidova, izgradit \u0107e se objekt za privremeno skladi\u0161tenje svje\u017ee ribe i opskrbu ledom te za servis ribarskih&nbsp;mre\u017ea&nbsp;i skladi\u0161tenje ambala\u017ee, osigurat \u0107e se sanitarno-higijenskih uvjeti za posade, urediti prometnica te zelenilo. Luka \u0107e pru\u017eiti i jedan ekolo\u0161ki benefit jer \u0107e se tu mo\u0107i zbrinjavati otpad koji nastaje uslijed ribarenja, a s druge strane imat \u0107emo i ja\u010du elektri\u010dnu&nbsp;mre\u017eu&nbsp;\u010dime \u0107e se smanjiti emisija \u0161tetnih plinova u atmosferi &ndash; kazao je o projektu ravnatelj Lu\u010dke uprave Split&nbsp;Vice Mihanovi\u0107.<\/p>\n<p>Va\u017enost ove luke na gospodarskoj sceni Splitsko &ndash; dalmatinske \u017eupanije i grada Ka\u0161tela istaknuli su \u017eupan Bla\u017eenko Boban te ka\u0161telanski gradona\u010delnik Denis Ivanovi\u0107 navode\u0107i kako je trebalo dugi niz godina kako bi se realizirao ovaj projekt, koji \u0107e u Ka\u0161tela donijeti najmoderniju i najopremljeniju luku na podru\u010dju Jadrana.<\/p>\n<p>Prema najavama radovi \u0107e trajati godinu dana.&nbsp;<\/p>\n","protected":false},"excerpt":{"rendered":"<p>Ministrica poljoprivrede Marija Vu\u010dkovi\u0107 slu\u017ebeno je otvorila radove na izgradnji i ure\u0111enju ribarske luke na Bri\u017einama, projektu vrijednom 45 milijuna [&hellip;]<\/p>\n","protected":false},"author":7,"featured_media":5789,"comment_status":"closed","ping_status":"open","sticky":false,"template":"","format":"standard","meta":{"_acf_changed":false,"footnotes":""},"categories":[1],"tags":[],"class_list":["post-5788","post","type-post","status-publish","format-standard","has-post-thumbnail","hentry","category-novosti"],"acf":[],"_links":{"self":[{"href":"https:\/\/kastela.hr\/en\/wp-json\/wp\/v2\/posts\/5788","targetHints":{"allow":["GET"]}}],"collection":[{"href":"https:\/\/kastela.hr\/en\/wp-json\/wp\/v2\/posts"}],"about":[{"href":"https:\/\/kastela.hr\/en\/wp-json\/wp\/v2\/types\/post"}],"author":[{"embeddable":true,"href":"https:\/\/kastela.hr\/en\/wp-json\/wp\/v2\/users\/7"}],"replies":[{"embeddable":true,"href":"https:\/\/kastela.hr\/en\/wp-json\/wp\/v2\/comments?post=5788"}],"version-history":[{"count":1,"href":"https:\/\/kastela.hr\/en\/wp-json\/wp\/v2\/posts\/5788\/revisions"}],"predecessor-version":[{"id":7168,"href":"https:\/\/kastela.hr\/en\/wp-json\/wp\/v2\/posts\/5788\/revisions\/7168"}],"wp:featuredmedia":[{"embeddable":true,"href":"https:\/\/kastela.hr\/en\/wp-json\/wp\/v2\/media\/5789"}],"wp:attachment":[{"href":"https:\/\/kastela.hr\/en\/wp-json\/wp\/v2\/media?parent=5788"}],"wp:term":[{"taxonomy":"category","embeddable":true,"href":"https:\/\/kastela.hr\/en\/wp-json\/wp\/v2\/categories?post=5788"},{"taxonomy":"post_tag","embeddable":true,"href":"https:\/\/kastela.hr\/en\/wp-json\/wp\/v2\/tags?post=5788"}],"curies":[{"name":"wp","href":"https:\/\/api.w.org\/{rel}","templated":true}]}}