{"id":5778,"date":"2019-09-27T04:24:00","date_gmt":"2019-09-27T02:24:00","guid":{"rendered":"https:\/\/kastela.hr\/en\/2019\/09\/27\/prijem-zbora-malisana-dv-kastela-koji-su-pobijedili-na-malom-splitu-2019\/"},"modified":"2024-08-29T10:48:11","modified_gmt":"2024-08-29T08:48:11","slug":"prijem-zbora-malisana-dv-kastela-koji-su-pobijedili-na-malom-splitu-2019","status":"publish","type":"post","link":"https:\/\/kastela.hr\/en\/2019\/09\/27\/prijem-zbora-malisana-dv-kastela-koji-su-pobijedili-na-malom-splitu-2019\/","title":{"rendered":"Prijem zbora mali\u0161ana DV Ka\u0161tela koji su pobijedili na Malom Splitu 2019."},"content":{"rendered":"<p>Prema glasovima publike, zbor mali\u0161ana DV Ka\u0161tela, pobjednik je festivala &bdquo;Mali Split 2019&ldquo;, a pobjeda je stigla za njihovu izvedbu pjesme &bdquo;Kad si malo lud i zaljubljen&ldquo;. Tim povodom u ka\u0161telanskoj gradskoj vije\u0107nici uprili\u010den je sve\u010dani prijem malih pjeva\u010da koje je do\u010dekao gradona\u010delnik Denis Ivanovi\u0107 zajedno sa svojom zamjenicom Jadrankom Matok Bosan\u010di\u0107.<\/p>\n<p>Autor glazbe za pobjedni\u010dku pjesmu je Du\u0161ko Mucalo, tekst je napisala pedagoginja Meri \u017ditko Babaja, dok aran\u017eman potpisuje Leo \u0160karo. Zbor je okupio 66 mali\u0161ana iz 13 ka\u0161telanskih vrti\u0107a koji su svojom pjesmom tako\u0111er otvorili i ovogodi\u0161nje Ka\u0161telansko kulturno ljeto.<\/p>\n<p>\n&#8211; Mali Split je najja\u010di festival u Hrvatskoj tako da nije lako biti prvi, ali zajedni\u010dkim snagama mali\u0161ana, njihovih roditelja, odgojitelja, ravnatelja i pedagoga opet smo uspjeli i ove godine osvojiti prvo mjesto na festivalu tako da je ovo zajedni\u010dki uspjeh svih koji su sudjelovali &ndash; kazao je Mucalo koji je danima vje\u017ebao s mali\u0161anima, pripremao ih za nastup te na koncu, doveo do pobjede.<\/p>\n<p>Zboru mali\u0161ana DV Ka\u0161tela pobjeda na Malom Splitu pripala je i pro\u0161le godine kada su festivalski&nbsp; Grand prix i Zlatna ribica osvojili za pjesmu &bdquo;Nije lako biti mali&ldquo;.<\/p>\n<p>Gradona\u010delnik Ivanovi\u0107 i zamjenica Jadranka Matok Bosan\u010di\u0107,&nbsp;male su pjeva\u010de nakon njihovih izvedbi nagradili pljeskom, podijelili im prigodne poklone, slatki\u0161e, slikovnicu i za\u017eeljeli puno uspjeha te sretno i ispunjeno djetinjstvo.<\/p>\n<p>&nbsp;<\/p>\n","protected":false},"excerpt":{"rendered":"<p>Prema glasovima publike, zbor mali\u0161ana DV Ka\u0161tela, pobjednik je festivala &bdquo;Mali Split 2019&ldquo;, a pobjeda je stigla za njihovu izvedbu [&hellip;]<\/p>\n","protected":false},"author":7,"featured_media":5779,"comment_status":"closed","ping_status":"open","sticky":false,"template":"","format":"standard","meta":{"_acf_changed":false,"footnotes":""},"categories":[1],"tags":[],"class_list":["post-5778","post","type-post","status-publish","format-standard","has-post-thumbnail","hentry","category-novosti"],"acf":[],"_links":{"self":[{"href":"https:\/\/kastela.hr\/en\/wp-json\/wp\/v2\/posts\/5778","targetHints":{"allow":["GET"]}}],"collection":[{"href":"https:\/\/kastela.hr\/en\/wp-json\/wp\/v2\/posts"}],"about":[{"href":"https:\/\/kastela.hr\/en\/wp-json\/wp\/v2\/types\/post"}],"author":[{"embeddable":true,"href":"https:\/\/kastela.hr\/en\/wp-json\/wp\/v2\/users\/7"}],"replies":[{"embeddable":true,"href":"https:\/\/kastela.hr\/en\/wp-json\/wp\/v2\/comments?post=5778"}],"version-history":[{"count":1,"href":"https:\/\/kastela.hr\/en\/wp-json\/wp\/v2\/posts\/5778\/revisions"}],"predecessor-version":[{"id":7167,"href":"https:\/\/kastela.hr\/en\/wp-json\/wp\/v2\/posts\/5778\/revisions\/7167"}],"wp:featuredmedia":[{"embeddable":true,"href":"https:\/\/kastela.hr\/en\/wp-json\/wp\/v2\/media\/5779"}],"wp:attachment":[{"href":"https:\/\/kastela.hr\/en\/wp-json\/wp\/v2\/media?parent=5778"}],"wp:term":[{"taxonomy":"category","embeddable":true,"href":"https:\/\/kastela.hr\/en\/wp-json\/wp\/v2\/categories?post=5778"},{"taxonomy":"post_tag","embeddable":true,"href":"https:\/\/kastela.hr\/en\/wp-json\/wp\/v2\/tags?post=5778"}],"curies":[{"name":"wp","href":"https:\/\/api.w.org\/{rel}","templated":true}]}}