{"id":5765,"date":"2019-09-27T05:02:00","date_gmt":"2019-09-27T03:02:00","guid":{"rendered":"https:\/\/kastela.hr\/en\/2019\/09\/27\/marko-mijic-najbolji-kastelanski-policajac-u-2019\/"},"modified":"2024-08-29T10:48:11","modified_gmt":"2024-08-29T08:48:11","slug":"marko-mijic-najbolji-kastelanski-policajac-u-2019","status":"publish","type":"post","link":"https:\/\/kastela.hr\/en\/2019\/09\/27\/marko-mijic-najbolji-kastelanski-policajac-u-2019\/","title":{"rendered":"Marko Miji\u0107 najbolji ka\u0161telanski policajac u 2019."},"content":{"rendered":"<p>Najbolji ka\u0161telanski policajac 2019. godine je 30-godi\u0161nji Marko Miji\u0107, slu\u017ebenik koji u PP Ka\u0161tela posljednjih \u0161est godina radi kao temeljni policajac, a uo\u010di blagdana Svetog Mihovila, za\u0161titnika policije u Gradu Ka\u0161tela uprili\u010den je i ove godine sve\u010dani prijem.<\/p>\n<p>Najboljem policajcu \u010destitao je gradona\u010delnik Denis Ivanovi\u0107 zajedno sa svojim zamjenicima Jadrankom Matok Bosan\u010di\u0107 i Grgicom Benuti\u0107em te mu uru\u010dio zahvalnicu i bon u iznosu od 2 500 kuna.<\/p>\n<p>&#8211; Kako bi policijski slu\u017ebenici u jo\u0161 boljim uvjetima obavljali svoju djelatnost u dogledno vrijeme bi se policijska postaja trebala smjestiti u prostor ex Kemijske \u0161kole zajedno s ostalim institucijama za koje smo predvidjeli ovaj prostor. Policija \u0107e u zgradi dobiti najvi\u0161e mjesta \u0161to zna\u010di da \u0107e vjerojatno poja\u010dati broj slu\u017ebenika po\u010dev\u0161i od prometne policije koja je gra\u0111anima jako potrebna &ndash; kazao je gradona\u010delnik Ivanovi\u0107 navode\u0107i da bi se sve moglo realizirati kroz 2 &ndash; 3 godine.<\/p>\n<p>Na\u010delnik PP Ka\u0161tela Neno Gudelj sigurnosno stanje u Ka\u0161telima ocjenjuje kao dobro<\/p>\n<p>-Kaznena djela su na razini vi\u0161egodi\u0161njeg prosjeka, dok se u nekim njihovim segmentima bilje\u017ei i zna\u010dajan pad tako da gra\u0111ani mogu u Ka\u0161telima biti sigurni. Ovom prilikom zahvaljujem gradona\u010delniku Denisu Ivanovi\u0107u na suradnji i ovom prijemu za mladog kolegu &ndash; kazao je Gudelj navode\u0107i da je od po\u010detka godine zabilje\u017eeno 250 kaznenih djela, od kojih je vi\u0161e od 60 posto do sada rije\u0161eno.<\/p>\n<p>&#8211; Pribli\u017eno \u0161est i pol godina radim u policijskoj postaji u Ka\u0161telima kao temeljni policajac, a me\u0111u svakodnevnim zada\u0107ama su djelovanja kod nasilja u obitelji, naru\u0161avanju javnog reda i mira, zloporabe droga i drugo. Posao je dosta stresan i kompleksan i policajac treba imati dosta strpljenja i znati se pona\u0161ati sa strankama. U mom poslu najdra\u017ee mi je kada mogu nekome pomo\u0107i u nevolji pa kad dobije\u0161 zahvalu to je najljep\u0161i dio ovog posla &ndash; kazao je nagra\u0111eni policajac Marko Miji\u0107.<\/p>\n<p>&nbsp;<\/p>\n","protected":false},"excerpt":{"rendered":"<p>Najbolji ka\u0161telanski policajac 2019. godine je 30-godi\u0161nji Marko Miji\u0107, slu\u017ebenik koji u PP Ka\u0161tela posljednjih \u0161est godina radi kao temeljni [&hellip;]<\/p>\n","protected":false},"author":7,"featured_media":5766,"comment_status":"closed","ping_status":"open","sticky":false,"template":"","format":"standard","meta":{"_acf_changed":false,"footnotes":""},"categories":[1],"tags":[],"class_list":["post-5765","post","type-post","status-publish","format-standard","has-post-thumbnail","hentry","category-novosti"],"acf":[],"_links":{"self":[{"href":"https:\/\/kastela.hr\/en\/wp-json\/wp\/v2\/posts\/5765","targetHints":{"allow":["GET"]}}],"collection":[{"href":"https:\/\/kastela.hr\/en\/wp-json\/wp\/v2\/posts"}],"about":[{"href":"https:\/\/kastela.hr\/en\/wp-json\/wp\/v2\/types\/post"}],"author":[{"embeddable":true,"href":"https:\/\/kastela.hr\/en\/wp-json\/wp\/v2\/users\/7"}],"replies":[{"embeddable":true,"href":"https:\/\/kastela.hr\/en\/wp-json\/wp\/v2\/comments?post=5765"}],"version-history":[{"count":1,"href":"https:\/\/kastela.hr\/en\/wp-json\/wp\/v2\/posts\/5765\/revisions"}],"predecessor-version":[{"id":7166,"href":"https:\/\/kastela.hr\/en\/wp-json\/wp\/v2\/posts\/5765\/revisions\/7166"}],"wp:featuredmedia":[{"embeddable":true,"href":"https:\/\/kastela.hr\/en\/wp-json\/wp\/v2\/media\/5766"}],"wp:attachment":[{"href":"https:\/\/kastela.hr\/en\/wp-json\/wp\/v2\/media?parent=5765"}],"wp:term":[{"taxonomy":"category","embeddable":true,"href":"https:\/\/kastela.hr\/en\/wp-json\/wp\/v2\/categories?post=5765"},{"taxonomy":"post_tag","embeddable":true,"href":"https:\/\/kastela.hr\/en\/wp-json\/wp\/v2\/tags?post=5765"}],"curies":[{"name":"wp","href":"https:\/\/api.w.org\/{rel}","templated":true}]}}