{"id":5756,"date":"2019-09-30T07:57:00","date_gmt":"2019-09-30T05:57:00","guid":{"rendered":"https:\/\/kastela.hr\/en\/2019\/09\/30\/obavijest-o-odrzavanju-biciklisticke-utrke-cro-race\/"},"modified":"2024-08-29T10:48:11","modified_gmt":"2024-08-29T08:48:11","slug":"obavijest-o-odrzavanju-biciklisticke-utrke-cro-race","status":"publish","type":"post","link":"https:\/\/kastela.hr\/en\/2019\/09\/30\/obavijest-o-odrzavanju-biciklisticke-utrke-cro-race\/","title":{"rendered":"Obavijest o odr\u017eavanju biciklisti\u010dke utrke CRO Race"},"content":{"rendered":"<p>S namjerom promocije Hrvatske kao turisti\u010dke destinacije, Top sport events d.o.o. po peti put za redom organizira me\u0111unarodnu biciklisti\u010dku utrku CRO Race koja se proteklih godina odr\u017eavala pod imenom Tour of Croatia &#8211; race through the natural beauty koja \u0107e se voziti hrvatskim cestama u razdoblju od 1. do 6. listopada 2019. godine. Da je rije\u010d o doista globalnom projektu govori \u010dinjenica da \u0107e utrku prenositi televizijske ku\u0107e u gotovo 180 zemalja svijeta \u0161to dokazuje da je ovo iznimna promocija Hrvatske i njenih turisti\u010dkih potencijala. Tre\u0107a etapa utrke u duljini od 165 km na rasporedu je u \u010detvrtak, 3. listopada 2019.sa startom u Okrugu Gornjem u 12:45 sati i ciljem u Makarskoj oko 16:40 sati. Biciklisti\u010dka karavana za to vrijeme pro\u0107i \u0107e i podru\u010djem Ka\u0161tela.<\/p>\n","protected":false},"excerpt":{"rendered":"<p>S namjerom promocije Hrvatske kao turisti\u010dke destinacije, Top sport events d.o.o. po peti put za redom organizira me\u0111unarodnu biciklisti\u010dku utrku [&hellip;]<\/p>\n","protected":false},"author":7,"featured_media":5757,"comment_status":"closed","ping_status":"open","sticky":false,"template":"","format":"standard","meta":{"_acf_changed":false,"footnotes":""},"categories":[1],"tags":[],"class_list":["post-5756","post","type-post","status-publish","format-standard","has-post-thumbnail","hentry","category-novosti"],"acf":[],"_links":{"self":[{"href":"https:\/\/kastela.hr\/en\/wp-json\/wp\/v2\/posts\/5756","targetHints":{"allow":["GET"]}}],"collection":[{"href":"https:\/\/kastela.hr\/en\/wp-json\/wp\/v2\/posts"}],"about":[{"href":"https:\/\/kastela.hr\/en\/wp-json\/wp\/v2\/types\/post"}],"author":[{"embeddable":true,"href":"https:\/\/kastela.hr\/en\/wp-json\/wp\/v2\/users\/7"}],"replies":[{"embeddable":true,"href":"https:\/\/kastela.hr\/en\/wp-json\/wp\/v2\/comments?post=5756"}],"version-history":[{"count":1,"href":"https:\/\/kastela.hr\/en\/wp-json\/wp\/v2\/posts\/5756\/revisions"}],"predecessor-version":[{"id":7163,"href":"https:\/\/kastela.hr\/en\/wp-json\/wp\/v2\/posts\/5756\/revisions\/7163"}],"wp:featuredmedia":[{"embeddable":true,"href":"https:\/\/kastela.hr\/en\/wp-json\/wp\/v2\/media\/5757"}],"wp:attachment":[{"href":"https:\/\/kastela.hr\/en\/wp-json\/wp\/v2\/media?parent=5756"}],"wp:term":[{"taxonomy":"category","embeddable":true,"href":"https:\/\/kastela.hr\/en\/wp-json\/wp\/v2\/categories?post=5756"},{"taxonomy":"post_tag","embeddable":true,"href":"https:\/\/kastela.hr\/en\/wp-json\/wp\/v2\/tags?post=5756"}],"curies":[{"name":"wp","href":"https:\/\/api.w.org\/{rel}","templated":true}]}}