{"id":5750,"date":"2019-10-01T05:17:00","date_gmt":"2019-10-01T03:17:00","guid":{"rendered":"https:\/\/kastela.hr\/en\/2019\/10\/01\/odrzana-sveta-misa-u-cast-fra-bernardinu-sokolu\/"},"modified":"2024-08-29T10:48:11","modified_gmt":"2024-08-29T08:48:11","slug":"odrzana-sveta-misa-u-cast-fra-bernardinu-sokolu","status":"publish","type":"post","link":"https:\/\/kastela.hr\/en\/2019\/10\/01\/odrzana-sveta-misa-u-cast-fra-bernardinu-sokolu\/","title":{"rendered":"Odr\u017eana sveta misa u \u010dast fra Bernardinu Sokolu"},"content":{"rendered":"<p>Misa u \u010dast mu\u010denika fra Bernardina Sokola, odr\u017eana je protekle subote u \u017dupnoj crkvi Sv. Jurja u Ka\u0161tel Su\u0107urcu. Uz su\u0107ura\u010dkog \u017eupnika don Ivana Deli\u0107a, u misnom slavlju sudjelovali su u ime Provincije Sv. Jeronima&nbsp; u Zadru&nbsp;gvardijan samostana Sv. Ante iz Splita fra Anzelmo Stuli\u0107&nbsp; i fra Bernardin \u0160kunca.<\/p>\n","protected":false},"excerpt":{"rendered":"<p>Misa u \u010dast mu\u010denika fra Bernardina Sokola, odr\u017eana je protekle subote u \u017dupnoj crkvi Sv. Jurja u Ka\u0161tel Su\u0107urcu. Uz [&hellip;]<\/p>\n","protected":false},"author":7,"featured_media":5751,"comment_status":"closed","ping_status":"open","sticky":false,"template":"","format":"standard","meta":{"_acf_changed":false,"footnotes":""},"categories":[1],"tags":[],"class_list":["post-5750","post","type-post","status-publish","format-standard","has-post-thumbnail","hentry","category-novosti"],"acf":[],"_links":{"self":[{"href":"https:\/\/kastela.hr\/en\/wp-json\/wp\/v2\/posts\/5750","targetHints":{"allow":["GET"]}}],"collection":[{"href":"https:\/\/kastela.hr\/en\/wp-json\/wp\/v2\/posts"}],"about":[{"href":"https:\/\/kastela.hr\/en\/wp-json\/wp\/v2\/types\/post"}],"author":[{"embeddable":true,"href":"https:\/\/kastela.hr\/en\/wp-json\/wp\/v2\/users\/7"}],"replies":[{"embeddable":true,"href":"https:\/\/kastela.hr\/en\/wp-json\/wp\/v2\/comments?post=5750"}],"version-history":[{"count":1,"href":"https:\/\/kastela.hr\/en\/wp-json\/wp\/v2\/posts\/5750\/revisions"}],"predecessor-version":[{"id":7161,"href":"https:\/\/kastela.hr\/en\/wp-json\/wp\/v2\/posts\/5750\/revisions\/7161"}],"wp:featuredmedia":[{"embeddable":true,"href":"https:\/\/kastela.hr\/en\/wp-json\/wp\/v2\/media\/5751"}],"wp:attachment":[{"href":"https:\/\/kastela.hr\/en\/wp-json\/wp\/v2\/media?parent=5750"}],"wp:term":[{"taxonomy":"category","embeddable":true,"href":"https:\/\/kastela.hr\/en\/wp-json\/wp\/v2\/categories?post=5750"},{"taxonomy":"post_tag","embeddable":true,"href":"https:\/\/kastela.hr\/en\/wp-json\/wp\/v2\/tags?post=5750"}],"curies":[{"name":"wp","href":"https:\/\/api.w.org\/{rel}","templated":true}]}}