{"id":5747,"date":"2019-10-01T05:23:00","date_gmt":"2019-10-01T03:23:00","guid":{"rendered":"https:\/\/kastela.hr\/en\/2019\/10\/01\/udruga-sveti-jeronim-i-mihovil-biocic-dobitnici-nagrada-splitsko-dalmatinske-zupanije\/"},"modified":"2024-08-29T10:48:11","modified_gmt":"2024-08-29T08:48:11","slug":"udruga-sveti-jeronim-i-mihovil-biocic-dobitnici-nagrada-splitsko-dalmatinske-zupanije","status":"publish","type":"post","link":"https:\/\/kastela.hr\/en\/2019\/10\/01\/udruga-sveti-jeronim-i-mihovil-biocic-dobitnici-nagrada-splitsko-dalmatinske-zupanije\/","title":{"rendered":"Udruga Sveti Jeronim i Mihovil Bio\u010di\u0107 dobitnici nagrada Splitsko-dalmatinske \u017eupanije"},"content":{"rendered":"<p>Obilje\u017eavaju\u0107i blagdan svog za\u0161titnika, Svetog Jeronima, Splitsko &ndash; dalmatinska \u017eupanija ovog je ponedjeljka proslavila i svoj dan, a tom prigodom u Hrvatskom narodnom kazali\u0161tu u Splitu odr\u017eana je sve\u010dana sjednica te dodijeljene nagrade i priznanja zaslu\u017enim pojedincima i udrugama.<\/p>\n<p>Sve\u010danu Skup\u0161tinu vodio je predsjednik Petroslav Sapunar, a nazo\u010dnima, me\u0111u kojima su bili predstavnici gradova i op\u0107ina u \u017eupaniji, predstavnici \u017dupanije, Vlade i brojni prijatelji i suradnici, prigodnim govorima obratili su se, izme\u0111u ostalih, i potpredsjednik Vlade Damir Krsti\u010devi\u0107, \u017eupan Bla\u017eenko Boban te saborski zastupnik Ante Sanader.<\/p>\n<p>Ovom prigodom&nbsp; predsjednik Petroslav Sapunar i \u017eupan Bla\u017eenko Boban uru\u010dili su \u017eupanijske nagrade i priznanja, a prema odluci&nbsp; Skup\u0161tine \u017eupanije.&nbsp; Me\u0111u dobitnicima ovih vrijednih nagrada i priznanja ove su godine bili i Ka\u0161telani dr. Mihovil Bio\u010di\u0107 te udruga Sveti Jeronim.<\/p>\n<p>Dr. Mihovil Bio\u010di\u0107 dobio je nagradu za \u017eivotno djelo za svoj sveukupni profesionalni, humanitarni i dru\u0161tveni rad. Kako stoji u obrazlo\u017eenju nagrade, ovaj ro\u0111eni Su\u0107uranin diplomirao je na Medicinskom fakultetu u Zagrebu 1971. godine, a od 1975. godine do umirovljenja radio je u KBC-u Split kao kirurg, a posebno dje\u010dji kirurg. Nakon \u0161to je doktorirao radio je i kao sveu\u010dili\u0161ni profesor na Medicinskom fakultetu u Splitu te je autor niza znanstvenih i stru\u010dnih radova. Bio je predsjednik Upravnog vije\u0107a KBC-a , voditelj Odjela dje\u010dje kirurgije i ravnatelj splitske bolnice.<br \/>\nDobitnik je i najvi\u0161eg priznanja Hrvatskog lije\u010dni\u010dkog zbora &#8211; nagrade &bdquo;Ladislav Rakovac&ldquo;.<br \/>\nKao dragovoljac sudjelovao je u Domovinskom ratu, a bio je i zapovjednik Kriznog sto\u017eera&nbsp; za sjevernu i srednju Dalmaciju te Kriznog sto\u017eera Splitsko-dalmatinske \u017eupanije. Za doprinos u Domovinskom ratu odlikovan je Spomenicom Domovinskog rata, Redom Danice hrvatske s likom Katarine Zrinske, Redom hrvatskog trolista, te medaljom &bdquo;Ljeto 95&ldquo; i drugim priznanjima.&nbsp;<\/p>\n<p>Udruga Sveti Jeronim iz Ka\u0161tel Gomilice dobila je skupnu nagradu Splitsko &ndash; dalmatinske \u017eupanije, \u0161to je bilo i za o\u010dekivati nakon \u0161to je prije nekoliko godina dobila nagradu grada Ka\u0161tela&nbsp; te pro\u0161le godine najve\u0107u dr\u017eavnu nagradu za humanost u Ministarstvu demografije i socijalne skrbi.<br \/>\nUdruga je prepoznata kao humanitarna udruga koja je sudjelovala u cijelom nizu humanitarnih akcija, a provodi i nekoliko programa vezanih posebno za mlade i osobe starije \u017eivotne dobi.<br \/>\nTijekom 16 godina svog postojanja udruga Sveti Jeronim djelovala je tako i na podru\u010dju gospodarstva, demografije, socijalne za\u0161tite, me\u0111unarodne suradnje, za\u0161tite zdravlja i drugim djelatnostima kojima se oplemenjuje i razvija \u017eivot u dru\u0161tvenoj zajednici, posebno u Ka\u0161telima.<\/p>\n<p>Osim Mihovila Bio\u010di\u0107a \u017eupanijsku nagradu za \u017eivotno djelo dobili su jo\u0161&nbsp; prof. dr. sc. Ante Mrvica i don An\u0111elko Duki\u0107.<br \/>\nUz udrugu Sveti Jeronim skupne nagrade pripale su i&nbsp; nogometnom klubu Solin, KUD- u Jedinstvo iz Splita, KUD- u Dalmacija iz Dugog Rata te udruzi roditelja djece s te\u0161ko\u0107ama u razvoju Bra\u010dki pupoljci.<br \/>\nDobitnici pojedina\u010dnih nagrada su Dina Leva\u010di\u0107, Suzana Deni\u0107, Zorka \u010cizmi\u0107, Ivica \u010cike\u0161 i Ante Ara\u010di\u0107.<br \/>\nPovelja Splitsko-dalmatinske \u017eupanije dodijeljena je posthumno pjeva\u010du Vinku Coci, a povelju je preuzela njegova udovica Janja Coce.<br \/>\n\u010cast da se u ime nagra\u0111enih obrati nazo\u010dnima i zahvali na nagradama, pripala je&nbsp; Mihovilu Bio\u010di\u0107u.<\/p>\n<p>U glazbenom dijelu Skup\u0161tine ovog su dana nastupili mladi glazbenici, u\u010denici glazbene \u0161kole Josipa Hatzea Tomislav Juki\u0107 i Hrvoje \u010cui\u0107, Marching band glazbe Split te mladi ka\u0161telanski gitarist Filip Mi\u0161kovi\u0107.<\/p>\n<p>Tekst: PGK<\/p>\n","protected":false},"excerpt":{"rendered":"<p>Obilje\u017eavaju\u0107i blagdan svog za\u0161titnika, Svetog Jeronima, Splitsko &ndash; dalmatinska \u017eupanija ovog je ponedjeljka proslavila i svoj dan, a tom prigodom [&hellip;]<\/p>\n","protected":false},"author":7,"featured_media":5748,"comment_status":"closed","ping_status":"open","sticky":false,"template":"","format":"standard","meta":{"_acf_changed":false,"footnotes":""},"categories":[1],"tags":[],"class_list":["post-5747","post","type-post","status-publish","format-standard","has-post-thumbnail","hentry","category-novosti"],"acf":[],"_links":{"self":[{"href":"https:\/\/kastela.hr\/en\/wp-json\/wp\/v2\/posts\/5747","targetHints":{"allow":["GET"]}}],"collection":[{"href":"https:\/\/kastela.hr\/en\/wp-json\/wp\/v2\/posts"}],"about":[{"href":"https:\/\/kastela.hr\/en\/wp-json\/wp\/v2\/types\/post"}],"author":[{"embeddable":true,"href":"https:\/\/kastela.hr\/en\/wp-json\/wp\/v2\/users\/7"}],"replies":[{"embeddable":true,"href":"https:\/\/kastela.hr\/en\/wp-json\/wp\/v2\/comments?post=5747"}],"version-history":[{"count":1,"href":"https:\/\/kastela.hr\/en\/wp-json\/wp\/v2\/posts\/5747\/revisions"}],"predecessor-version":[{"id":7160,"href":"https:\/\/kastela.hr\/en\/wp-json\/wp\/v2\/posts\/5747\/revisions\/7160"}],"wp:featuredmedia":[{"embeddable":true,"href":"https:\/\/kastela.hr\/en\/wp-json\/wp\/v2\/media\/5748"}],"wp:attachment":[{"href":"https:\/\/kastela.hr\/en\/wp-json\/wp\/v2\/media?parent=5747"}],"wp:term":[{"taxonomy":"category","embeddable":true,"href":"https:\/\/kastela.hr\/en\/wp-json\/wp\/v2\/categories?post=5747"},{"taxonomy":"post_tag","embeddable":true,"href":"https:\/\/kastela.hr\/en\/wp-json\/wp\/v2\/tags?post=5747"}],"curies":[{"name":"wp","href":"https:\/\/api.w.org\/{rel}","templated":true}]}}