{"id":5726,"date":"2019-10-03T03:39:00","date_gmt":"2019-10-03T01:39:00","guid":{"rendered":"https:\/\/kastela.hr\/en\/2019\/10\/03\/sajam-mogucnosti-u-kastelima-ove-subote\/"},"modified":"2024-08-29T10:48:11","modified_gmt":"2024-08-29T08:48:11","slug":"sajam-mogucnosti-u-kastelima-ove-subote","status":"publish","type":"post","link":"https:\/\/kastela.hr\/en\/2019\/10\/03\/sajam-mogucnosti-u-kastelima-ove-subote\/","title":{"rendered":"Sajam mogu\u0107nosti u Ka\u0161telima ove subote"},"content":{"rendered":"<p>U okviru preventivnog programa &ldquo;Zajedno vi\u0161e mo\u017eemo&ldquo;, ove subote 5. listopada 2019. od 10 do 13 sati u Ka\u0161telima \u0107e se odr\u017eati &nbsp;&bdquo;Sajam mogu\u0107nosti&ldquo; kao&nbsp;druga njegova komponenta, kojega zajedno organiziraju Policijska uprava Splitsko-dalmatinska, PP Ka\u0161tela i Grad Ka\u0161tela.<\/p>\n<p>U portu u Ka\u0161tel Starom, \u010detvrtu godinu za redom, djeca iz osnovnih \u0161kola s podru\u010dja Ka\u0161tela, imat \u0107e&nbsp; mogu\u0107nost na jednom mjestu upoznati se s radom sportskih klubova, kulturno-umjetni\u010dkih dru\u0161tava, plesnih i drugih udruga koji djeluju na podru\u010dju grada, a kako bi \u0161to lak\u0161e mogli odabrati neku od izvan\u0161kolskih aktivnosti kojom bi ispunili slobodno vrijeme.<\/p>\n<p>&nbsp;<\/p>\n","protected":false},"excerpt":{"rendered":"<p>U okviru preventivnog programa &ldquo;Zajedno vi\u0161e mo\u017eemo&ldquo;, ove subote 5. listopada 2019. od 10 do 13 sati u Ka\u0161telima \u0107e [&hellip;]<\/p>\n","protected":false},"author":7,"featured_media":5727,"comment_status":"closed","ping_status":"open","sticky":false,"template":"","format":"standard","meta":{"_acf_changed":false,"footnotes":""},"categories":[1],"tags":[],"class_list":["post-5726","post","type-post","status-publish","format-standard","has-post-thumbnail","hentry","category-novosti"],"acf":[],"_links":{"self":[{"href":"https:\/\/kastela.hr\/en\/wp-json\/wp\/v2\/posts\/5726","targetHints":{"allow":["GET"]}}],"collection":[{"href":"https:\/\/kastela.hr\/en\/wp-json\/wp\/v2\/posts"}],"about":[{"href":"https:\/\/kastela.hr\/en\/wp-json\/wp\/v2\/types\/post"}],"author":[{"embeddable":true,"href":"https:\/\/kastela.hr\/en\/wp-json\/wp\/v2\/users\/7"}],"replies":[{"embeddable":true,"href":"https:\/\/kastela.hr\/en\/wp-json\/wp\/v2\/comments?post=5726"}],"version-history":[{"count":1,"href":"https:\/\/kastela.hr\/en\/wp-json\/wp\/v2\/posts\/5726\/revisions"}],"predecessor-version":[{"id":7157,"href":"https:\/\/kastela.hr\/en\/wp-json\/wp\/v2\/posts\/5726\/revisions\/7157"}],"wp:featuredmedia":[{"embeddable":true,"href":"https:\/\/kastela.hr\/en\/wp-json\/wp\/v2\/media\/5727"}],"wp:attachment":[{"href":"https:\/\/kastela.hr\/en\/wp-json\/wp\/v2\/media?parent=5726"}],"wp:term":[{"taxonomy":"category","embeddable":true,"href":"https:\/\/kastela.hr\/en\/wp-json\/wp\/v2\/categories?post=5726"},{"taxonomy":"post_tag","embeddable":true,"href":"https:\/\/kastela.hr\/en\/wp-json\/wp\/v2\/tags?post=5726"}],"curies":[{"name":"wp","href":"https:\/\/api.w.org\/{rel}","templated":true}]}}