{"id":5717,"date":"2019-10-04T08:06:00","date_gmt":"2019-10-04T06:06:00","guid":{"rendered":"https:\/\/kastela.hr\/en\/2019\/10\/04\/cestitka-povodom-dana-neovisnosti-republike-hrvatske\/"},"modified":"2024-08-29T10:48:11","modified_gmt":"2024-08-29T08:48:11","slug":"cestitka-povodom-dana-neovisnosti-republike-hrvatske","status":"publish","type":"post","link":"https:\/\/kastela.hr\/en\/2019\/10\/04\/cestitka-povodom-dana-neovisnosti-republike-hrvatske\/","title":{"rendered":"\u010cestitka povodom Dana neovisnosti Republike Hrvatske"},"content":{"rendered":"<p>Po\u0161tovane Ka\u0161telanke i Ka\u0161telani,<\/p>\n<p>upu\u0107ujemo vam \u010destitke povodom Dan neovisnosti Republike Hrvatske. Ponosno i radosno proslavimo ovaj nacionalni praznik, istaknimo hrvatske zastave i sjetimo se svih onih koji su izgubili \u017eivote u Domovinskom ratu i bez kojih na\u0161a dr\u017eava ne bi postojala.<\/p>\n<p>Dan neovisnosti obilje\u017eava se 8. listopada, na dan kada je Hrvatski sabor jednoglasno donio Odluku o raskidu dr\u017eavnopravnih sveza s ostalim republikama i pokrajinama SFRJ, \u010demu je prethodio istek tromjese\u010dnog moratorija hrvatske Ustavne Odluke o samostalnosti koju je Sabor donio 25. lipnja 1991.&nbsp;Odluka nije stupila na snagu zbog zahtjeva Europske zajednice sa ciljem da se kriza poku\u0161a rije\u0161iti mirnim putem. Istog dana isteka moratorija zrakoplovi JNA bombardirali su povijesnu jezgru Zagreba i Banske dvore.<\/p>\n<p>Sljede\u0107i dan Sabor je donesenom Odlukom utvrdio da Republika Hrvatska vi\u0161e ne smatra legitimnim i legalnim ni jedno tijelo dotada\u0161nje SFRJ, te da ne priznaje valjanim ni jedan pravni akt bilo kojeg tijela koje nastupa u ime biv\u0161e federacije, koja vi\u0161e kao takva ne postoji.<\/p>\n<p>Proslavimo dostojanstveno jedan od va\u017enijih datuma u novijoj hrvatskoj povijesti!<\/p>\n<p>Gradona\u010delnik Ka\u0161tela<br \/>\nDenis Ivanovi\u0107<\/p>\n<p>Predsjednik Gradskog vije\u0107a<br \/>\nIvan Udovi\u010di\u0107<\/p>\n<p>&nbsp;<\/p>\n<p>&nbsp;<\/p>\n","protected":false},"excerpt":{"rendered":"<p>Po\u0161tovane Ka\u0161telanke i Ka\u0161telani, upu\u0107ujemo vam \u010destitke povodom Dan neovisnosti Republike Hrvatske. Ponosno i radosno proslavimo ovaj nacionalni praznik, istaknimo [&hellip;]<\/p>\n","protected":false},"author":7,"featured_media":5718,"comment_status":"closed","ping_status":"open","sticky":false,"template":"","format":"standard","meta":{"_acf_changed":false,"footnotes":""},"categories":[1],"tags":[],"class_list":["post-5717","post","type-post","status-publish","format-standard","has-post-thumbnail","hentry","category-novosti"],"acf":[],"_links":{"self":[{"href":"https:\/\/kastela.hr\/en\/wp-json\/wp\/v2\/posts\/5717","targetHints":{"allow":["GET"]}}],"collection":[{"href":"https:\/\/kastela.hr\/en\/wp-json\/wp\/v2\/posts"}],"about":[{"href":"https:\/\/kastela.hr\/en\/wp-json\/wp\/v2\/types\/post"}],"author":[{"embeddable":true,"href":"https:\/\/kastela.hr\/en\/wp-json\/wp\/v2\/users\/7"}],"replies":[{"embeddable":true,"href":"https:\/\/kastela.hr\/en\/wp-json\/wp\/v2\/comments?post=5717"}],"version-history":[{"count":1,"href":"https:\/\/kastela.hr\/en\/wp-json\/wp\/v2\/posts\/5717\/revisions"}],"predecessor-version":[{"id":7154,"href":"https:\/\/kastela.hr\/en\/wp-json\/wp\/v2\/posts\/5717\/revisions\/7154"}],"wp:featuredmedia":[{"embeddable":true,"href":"https:\/\/kastela.hr\/en\/wp-json\/wp\/v2\/media\/5718"}],"wp:attachment":[{"href":"https:\/\/kastela.hr\/en\/wp-json\/wp\/v2\/media?parent=5717"}],"wp:term":[{"taxonomy":"category","embeddable":true,"href":"https:\/\/kastela.hr\/en\/wp-json\/wp\/v2\/categories?post=5717"},{"taxonomy":"post_tag","embeddable":true,"href":"https:\/\/kastela.hr\/en\/wp-json\/wp\/v2\/tags?post=5717"}],"curies":[{"name":"wp","href":"https:\/\/api.w.org\/{rel}","templated":true}]}}