{"id":5706,"date":"2019-10-09T05:29:00","date_gmt":"2019-10-09T03:29:00","guid":{"rendered":"https:\/\/kastela.hr\/en\/2019\/10\/09\/obiljezen-dan-neovisnosti-rh\/"},"modified":"2024-08-29T10:48:11","modified_gmt":"2024-08-29T08:48:11","slug":"obiljezen-dan-neovisnosti-rh","status":"publish","type":"post","link":"https:\/\/kastela.hr\/en\/2019\/10\/09\/obiljezen-dan-neovisnosti-rh\/","title":{"rendered":"Obilje\u017een Dan neovisnosti RH"},"content":{"rendered":"<p>Uo\u010di Dana neovisnosti, koji se u Hrvatskoj slavi 8. listopada, ka\u0161telanski \u010delnici, predstavnici nekoliko udruga, politi\u010dari i drugi, u ponedjeljak su se prisjetili svih onih koji su svoj \u017eivot dali za neovisnu Domovinu.<\/p>\n<p>Izaslanstvo Grada Ka\u0161tela i Gradskog vije\u0107a, predvo\u0111eni gradona\u010delnikom Denisom Ivanovi\u0107em te predsjednikom Ivanom Udovi\u010di\u0107em, predstavnici Udruge roditelja poginulih branitelja, Hvidre, Koordinacije braniteljskih udruga, Udruge hrvatskih ratnih veterana, dragovolja\u010dko &#8211; braniteljske udruge Stina pradidova, kao i drugih udruga proisteklih iz Domovinskog rata te \u010dlanovi udruge antifa\u0161ista Hrvatske, pojedini \u010dlanovi politi\u010dkih stranaka i svi ostali, ovom su prilikom polo\u017eili cvije\u0107e i upalili svije\u0107e pred spomenikom prvom hrvatskom predsjedniku Franji Tu\u0111manu u Ka\u0161tel Luk\u0161i\u0107u te podno centralnog kri\u017ea u spomen obilje\u017eju braniteljima Ka\u0161tela i Ka\u0161telanske zagore na Mala\u010dkoj.<\/p>\n<p>Na taj na\u010din zahvalili su im simboli\u010dno za njihovu \u017ertvu i cilj o stvaranju neovisne dr\u017eave, a za sve du\u0161e poginulih i umrlih branitelja, kao i svih drugih koji su doprinijeli slobodi i neovisnosti, upu\u0107ene su rije\u010di molitve svakog od sudionika ovog prisje\u0107anja.<\/p>\n<p>Tekst: PGK<\/p>\n","protected":false},"excerpt":{"rendered":"<p>Uo\u010di Dana neovisnosti, koji se u Hrvatskoj slavi 8. listopada, ka\u0161telanski \u010delnici, predstavnici nekoliko udruga, politi\u010dari i drugi, u ponedjeljak [&hellip;]<\/p>\n","protected":false},"author":7,"featured_media":5707,"comment_status":"closed","ping_status":"open","sticky":false,"template":"","format":"standard","meta":{"_acf_changed":false,"footnotes":""},"categories":[1],"tags":[],"class_list":["post-5706","post","type-post","status-publish","format-standard","has-post-thumbnail","hentry","category-novosti"],"acf":[],"_links":{"self":[{"href":"https:\/\/kastela.hr\/en\/wp-json\/wp\/v2\/posts\/5706","targetHints":{"allow":["GET"]}}],"collection":[{"href":"https:\/\/kastela.hr\/en\/wp-json\/wp\/v2\/posts"}],"about":[{"href":"https:\/\/kastela.hr\/en\/wp-json\/wp\/v2\/types\/post"}],"author":[{"embeddable":true,"href":"https:\/\/kastela.hr\/en\/wp-json\/wp\/v2\/users\/7"}],"replies":[{"embeddable":true,"href":"https:\/\/kastela.hr\/en\/wp-json\/wp\/v2\/comments?post=5706"}],"version-history":[{"count":1,"href":"https:\/\/kastela.hr\/en\/wp-json\/wp\/v2\/posts\/5706\/revisions"}],"predecessor-version":[{"id":7152,"href":"https:\/\/kastela.hr\/en\/wp-json\/wp\/v2\/posts\/5706\/revisions\/7152"}],"wp:featuredmedia":[{"embeddable":true,"href":"https:\/\/kastela.hr\/en\/wp-json\/wp\/v2\/media\/5707"}],"wp:attachment":[{"href":"https:\/\/kastela.hr\/en\/wp-json\/wp\/v2\/media?parent=5706"}],"wp:term":[{"taxonomy":"category","embeddable":true,"href":"https:\/\/kastela.hr\/en\/wp-json\/wp\/v2\/categories?post=5706"},{"taxonomy":"post_tag","embeddable":true,"href":"https:\/\/kastela.hr\/en\/wp-json\/wp\/v2\/tags?post=5706"}],"curies":[{"name":"wp","href":"https:\/\/api.w.org\/{rel}","templated":true}]}}