{"id":5695,"date":"2019-10-21T05:26:00","date_gmt":"2019-10-21T03:26:00","guid":{"rendered":"https:\/\/kastela.hr\/en\/2019\/10\/21\/javni-natjecaj-o-dodjeli-na-koristenje-javne-povrsine-u-kastel-luksicu-u-svrhu-odrzavanja-manifestacije-kastelanska-adventska-bajka\/"},"modified":"2024-08-29T10:48:11","modified_gmt":"2024-08-29T08:48:11","slug":"javni-natjecaj-o-dodjeli-na-koristenje-javne-povrsine-u-kastel-luksicu-u-svrhu-odrzavanja-manifestacije-kastelanska-adventska-bajka","status":"publish","type":"post","link":"https:\/\/kastela.hr\/en\/2019\/10\/21\/javni-natjecaj-o-dodjeli-na-koristenje-javne-povrsine-u-kastel-luksicu-u-svrhu-odrzavanja-manifestacije-kastelanska-adventska-bajka\/","title":{"rendered":"Javni natje\u010daj o dodjeli na kori\u0161tenje javne povr\u0161ine u Ka\u0161tel Luk\u0161i\u0107u u svrhu odr\u017eavanja manifestacije \u201eKa\u0161telanska adventska bajka\u201c"},"content":{"rendered":"<p>Grad Ka\u0161tela objavio je Javni natje\u010daj o dodjeli na kori\u0161tenje javne povr\u0161ine u Ka\u0161tel Luk\u0161i\u0107u na podru\u010dju Novog parka u svrhu odr\u017eavanja manifestacije &bdquo;Ka\u0161telanska adventska bajka&ldquo;, odnosno postavljanja bo\u017ei\u0107nih ku\u0107ica.<\/p>\n<p>Pravo sudjelovanja na natje\u010daju imaju sve fizi\u010dke i pravne osobe koje ispunjavaju uvjete natje\u010daja za dodjelu javne povr\u0161ine za postavljanje bo\u017ei\u0107nih ku\u0107ica. Javna povr\u0161ina se dodjeljuje u vi\u0111enom stanju. Korisnik je du\u017ean postaviti bo\u017ei\u0107nu ku\u0107icu o vlastitom tro\u0161ku, uz po\u0161tivanje odgovaraju\u0107ih pozitivnih propisa. Grad Ka\u0161tela \u0107e osigurati elektri\u010dnu energiju kao i dio zabavnog programa.<\/p>\n<p>Pisane ponude s pripadaju\u0107im dokazima i prilozima i ponu\u0111enom visinom zakupnine ponuditelji su du\u017eni dostaviti u zatvorenoj omotnici na adresu Grad Ka\u0161tela, Ka\u0161tel Su\u0107urac, Bra\u0107e Radi\u0107 1, Gradona\u010delnik, za povjerenstvo, s naznakom &laquo;ponude za natje\u010daj &#8211; ne otvaraj&raquo; preporu\u010denom po\u0161tanskom po\u0161iljkom ili neposrednom predajom u pisarnicu Grada Ka\u0161tela, u roku od 15 (petnaest) dana od objave natje\u010daja na oglasnoj plo\u010di Grada Ka\u0161tela. Otvaranje ponuda obavit \u0107e se dana 04. studenog 2019. godine u 13.00 sati u prostorijama gradske uprave Grada Ka\u0161tela, Ka\u0161tel Su\u0107urac, Bra\u0107e Radi\u0107 1.<\/p>\n<p>&nbsp;<\/p>\n","protected":false},"excerpt":{"rendered":"<p>Grad Ka\u0161tela objavio je Javni natje\u010daj o dodjeli na kori\u0161tenje javne povr\u0161ine u Ka\u0161tel Luk\u0161i\u0107u na podru\u010dju Novog parka u [&hellip;]<\/p>\n","protected":false},"author":7,"featured_media":5696,"comment_status":"closed","ping_status":"open","sticky":false,"template":"","format":"standard","meta":{"_acf_changed":false,"footnotes":""},"categories":[1],"tags":[],"class_list":["post-5695","post","type-post","status-publish","format-standard","has-post-thumbnail","hentry","category-novosti"],"acf":[],"_links":{"self":[{"href":"https:\/\/kastela.hr\/en\/wp-json\/wp\/v2\/posts\/5695","targetHints":{"allow":["GET"]}}],"collection":[{"href":"https:\/\/kastela.hr\/en\/wp-json\/wp\/v2\/posts"}],"about":[{"href":"https:\/\/kastela.hr\/en\/wp-json\/wp\/v2\/types\/post"}],"author":[{"embeddable":true,"href":"https:\/\/kastela.hr\/en\/wp-json\/wp\/v2\/users\/7"}],"replies":[{"embeddable":true,"href":"https:\/\/kastela.hr\/en\/wp-json\/wp\/v2\/comments?post=5695"}],"version-history":[{"count":1,"href":"https:\/\/kastela.hr\/en\/wp-json\/wp\/v2\/posts\/5695\/revisions"}],"predecessor-version":[{"id":7150,"href":"https:\/\/kastela.hr\/en\/wp-json\/wp\/v2\/posts\/5695\/revisions\/7150"}],"wp:featuredmedia":[{"embeddable":true,"href":"https:\/\/kastela.hr\/en\/wp-json\/wp\/v2\/media\/5696"}],"wp:attachment":[{"href":"https:\/\/kastela.hr\/en\/wp-json\/wp\/v2\/media?parent=5695"}],"wp:term":[{"taxonomy":"category","embeddable":true,"href":"https:\/\/kastela.hr\/en\/wp-json\/wp\/v2\/categories?post=5695"},{"taxonomy":"post_tag","embeddable":true,"href":"https:\/\/kastela.hr\/en\/wp-json\/wp\/v2\/tags?post=5695"}],"curies":[{"name":"wp","href":"https:\/\/api.w.org\/{rel}","templated":true}]}}