{"id":5692,"date":"2019-10-23T07:54:00","date_gmt":"2019-10-23T05:54:00","guid":{"rendered":"https:\/\/kastela.hr\/en\/2019\/10\/23\/dani-kolektivne-sadnje-drveca-i-u-kastelima\/"},"modified":"2024-08-29T10:48:11","modified_gmt":"2024-08-29T08:48:11","slug":"dani-kolektivne-sadnje-drveca-i-u-kastelima","status":"publish","type":"post","link":"https:\/\/kastela.hr\/en\/2019\/10\/23\/dani-kolektivne-sadnje-drveca-i-u-kastelima\/","title":{"rendered":"Dani kolektivne sadnje drve\u0107a i u Ka\u0161telima"},"content":{"rendered":"<p>Gra\u0111anska inicijativa &#39;&#39;Dani kolektivne sadnje drve\u0107a&#39;&#39; provodi akciju sadnje drve\u0107a na razini cijele Hrvatske od petka 25. do nedjelje 27. listopada. Pod motom &#39;&#39;Zasadi drvo, ne budi panj&#39;&#39; i Ka\u0161telani \u0107e ovog vikenda imati priliku dati svoj doprinos ozelenjivanju vlastite \u017eivotne sredine.&nbsp;<\/p>\n<p>Inicijativu je pokrenula Vara\u017edinka Mateja Angelina Kramar s ciljem poticanja gra\u0111ana, udruga, tvrtki i ustanova da bilo samostalno, bilo u suradnji sa svojim lokalnim jedinicama samouprave u tri dana diljem Hrvatske na privatnim i javnim povr\u0161inama zasade \u0161to vi\u0161e stabala kako bi doprinijeli ozelenjivanju svojih \u017eivotnih sredina i time istaknuli va\u017enosti i brojne dobrobiti drve\u0107a i zelenila, osobito u urbaniziranim sredinama.<\/p>\n<p>Koordinatorica inicijative za Splitsko-dalmatinsku \u017eupaniju, Marina Kuzmani\u0107, po struci dipl.ing Biologije i ekologije mora, a ina\u010de voditeljica udruge Dea Dia dance studio,&nbsp; kazala nam je kako su se do sada u akciju uz Ka\u0161tela uklju\u010dili i Split, Trogir, Solin, Sinj, Omi\u0161, Makarska, Dugopolje, \u010ciovo te otoci Bra\u010d, \u0160olta i Hvar. Naglasila je trud svih uklju\u010denih, od inicijatora, organizatora, koordinatora, do predstavnika gradova, op\u0107ina i ustanova, a podr\u0161ka je za pojedine lokacije stigla i od Hrvatskih \u0161uma u vidu doniranih sadnica i pomo\u0107i stru\u010dnih slu\u017ebi.<\/p>\n<p>U Ka\u0161telima \u0107e se akcija provoditi na nekoliko lokacija, u rudnicima Sv. Juraj-Sv. Kajo sudjelovati \u0107e radnici Cemexa sa ka\u0161telanskim vatrogascima i u\u010denicima Osnovne \u0161kole &#39;&#39;Knez Mislav&#39;&#39; iz Ka\u0161tel Su\u0107urca. Grad Ka\u0161tela organizira sadnju na prostoru ju\u017eno od planinarskog doma Mala\u010dka, sa osiguranim prijevozom u subotu ujutro ispred Osnovne \u0161kole &#39;&#39;Filip Lukas&#39;&#39; u Ka\u0161tel Starom. Tako\u0111er u subotu ujutro biti \u0107e organiziran prijevoz za sadnju na ju\u017enim obroncima Kozjaka, uz protupo\u017earni put izme\u0111u Kambelovca i Gomilice te Kambelovca i Luk\u0161i\u0107a. Informacije o polasku zainteresirani \u0107e mo\u0107i prona\u0107i na Facebook stranici inicijative&nbsp;<a href=\"https:\/\/www.facebook.com\/groups\/883581695358483\/\" target=\"_blank\" rel=\"noopener\">https:\/\/www.facebook.com\/groups\/883581695358483\/<\/a><\/p>\n<p>U akciju su se uklju\u010dile i ka\u0161telanske osnovne \u0161kole, &#39;&#39;Bija\u0107i&#39;&#39; i &#39;&#39;Filip Lukas&#39;&#39;, \u010diji \u0107e djelatnici sa u\u010denicima oplemeniti \u0161kolski okoli\u0161, na na\u010din da \u0107e svaki razred zasaditi svoje stablo.<\/p>\n<p>Marina se posebno zahvalila i istaknula doprinos Grada Ka\u0161tela, Cemexa, craft pivovare Familija koja je donirala 80 sadnica \u0161umskih vrsta, te pozvala gra\u0111ane da se uklju\u010de u ovu hvale vrijednu akciju i po mogu\u0107nosti sa sobom ponesu potreban alat i pomagala za sadnju.<\/p>\n<p>&#8211; Svako posa\u0111eno drvo je zna\u010dajno, a zajedno mo\u017eemo napraviti puno! Lopate i sadnice u ruke i pridru\u017eite nam se, stoji u pozivu&nbsp; inicijative.<\/p>\n<p>&nbsp;<\/p>\n<p>Tekst: PGK<\/p>\n","protected":false},"excerpt":{"rendered":"<p>Gra\u0111anska inicijativa &#39;&#39;Dani kolektivne sadnje drve\u0107a&#39;&#39; provodi akciju sadnje drve\u0107a na razini cijele Hrvatske od petka 25. do nedjelje 27. [&hellip;]<\/p>\n","protected":false},"author":7,"featured_media":5693,"comment_status":"closed","ping_status":"open","sticky":false,"template":"","format":"standard","meta":{"_acf_changed":false,"footnotes":""},"categories":[1],"tags":[],"class_list":["post-5692","post","type-post","status-publish","format-standard","has-post-thumbnail","hentry","category-novosti"],"acf":[],"_links":{"self":[{"href":"https:\/\/kastela.hr\/en\/wp-json\/wp\/v2\/posts\/5692","targetHints":{"allow":["GET"]}}],"collection":[{"href":"https:\/\/kastela.hr\/en\/wp-json\/wp\/v2\/posts"}],"about":[{"href":"https:\/\/kastela.hr\/en\/wp-json\/wp\/v2\/types\/post"}],"author":[{"embeddable":true,"href":"https:\/\/kastela.hr\/en\/wp-json\/wp\/v2\/users\/7"}],"replies":[{"embeddable":true,"href":"https:\/\/kastela.hr\/en\/wp-json\/wp\/v2\/comments?post=5692"}],"version-history":[{"count":1,"href":"https:\/\/kastela.hr\/en\/wp-json\/wp\/v2\/posts\/5692\/revisions"}],"predecessor-version":[{"id":7149,"href":"https:\/\/kastela.hr\/en\/wp-json\/wp\/v2\/posts\/5692\/revisions\/7149"}],"wp:featuredmedia":[{"embeddable":true,"href":"https:\/\/kastela.hr\/en\/wp-json\/wp\/v2\/media\/5693"}],"wp:attachment":[{"href":"https:\/\/kastela.hr\/en\/wp-json\/wp\/v2\/media?parent=5692"}],"wp:term":[{"taxonomy":"category","embeddable":true,"href":"https:\/\/kastela.hr\/en\/wp-json\/wp\/v2\/categories?post=5692"},{"taxonomy":"post_tag","embeddable":true,"href":"https:\/\/kastela.hr\/en\/wp-json\/wp\/v2\/tags?post=5692"}],"curies":[{"name":"wp","href":"https:\/\/api.w.org\/{rel}","templated":true}]}}