{"id":5675,"date":"2019-10-25T04:29:00","date_gmt":"2019-10-25T02:29:00","guid":{"rendered":"https:\/\/kastela.hr\/en\/2019\/10\/25\/odrzan-sastanak-o-poboljsanju-autobusnih-i-zeljeznickih-linija\/"},"modified":"2024-08-29T10:48:11","modified_gmt":"2024-08-29T08:48:11","slug":"odrzan-sastanak-o-poboljsanju-autobusnih-i-zeljeznickih-linija","status":"publish","type":"post","link":"https:\/\/kastela.hr\/en\/2019\/10\/25\/odrzan-sastanak-o-poboljsanju-autobusnih-i-zeljeznickih-linija\/","title":{"rendered":"Odr\u017ean sastanak o pobolj\u0161anju autobusnih i \u017eeljezni\u010dkih linija"},"content":{"rendered":"<p>Na inicijativu gradona\u010delnika Denisa Ivanovi\u0107a u gradskoj upravi odr\u017ean je radni sastanak na temu unaprje\u0111enja prijevoza putnika \u017eeljeznicom i autobusima kako bi se \u0161to bolje ujedinila ta dva oblika prijevoza putnika od Splita do Trogira i smanjile gu\u017eve na prometnicama. Sastanku su nazo\u010dili gradona\u010delnik sa zamjenikom Grgicom Benuti\u0107em, gradona\u010delnik Solina Dalibor Nin\u010devi\u0107, predstavnik Grada Trogira pro\u010delnik Frane \u017di\u017eak, predstavnici H\u017d-a na \u010delu s predsjednikom Uprave \u017deljkom Uki\u0107em, direktor Prometa Split Miroslav Deli\u0107 te predstavnici Splitsko &ndash; dalmatinske \u017eupanije.<\/p>\n<p>&#8211; S obzirom da je uvedena nova linija od Trogira do \u017eeljezni\u010dke postaje u Ka\u0161tel Starom, sugerirali smo izmjenu voznog reda odnosno uvo\u0111enje dodatne linije u jutarnjim satima oko 7:10 te u poslijepodnevnim satima oko 14 ili 15 sati. \u017deljezni\u010dka linija koja krene 6:52 je svako jutro puna i predlo\u017eili smo uvo\u0111enje jo\u0161 jedne u jutarnjim satima i jedne u poslijepodnevnim kad se u\u010denici vra\u0107aju iz \u0161kole, a gra\u0111ani s posla. Stara autobusna linija broj 2 koja je polazila iz Strabe\u017enika u Ka\u0161tel Su\u0107urcu tako\u0111er bi se trebala ponovno uvesti u jutarnjim terminima. Zatra\u017eili smo i otvaranje \u017eeljezni\u010dke stanice kod suda koja bi trebala biti uvedena po\u010detkom 2021.godine &ndash; kazao je gradona\u010delnik Ivanovi\u0107 napominju\u0107i kako je postignut dogovor da u\u010denici i studenti mogu koristiti iste pokazne karte za vlak i autobus.<\/p>\n<p>&#8211; Integriranom linijom gra\u0111ani mogu izbje\u0107i svakodnevne gu\u017eve, a vo\u017enja ovom linijom od Trogira do Splita traje ne\u0161to vi\u0161e od 50 minuta. Na zahtjev gra\u0111ana Ka\u0161tela, autobusna linija od Trogira do Raduna, od ponedjeljka vozi izmijenjenom trasom, tako da umjesto \u0160kabrnjskom ulicom i cestom D8, vozi starom cestom do Ka\u0161tel Starog, odakle ide prema Radunu, \u0161to je stvorilo mogu\u0107nost da ovu liniju koristi jo\u0161 vi\u0161e gra\u0111ana &ndash; istaknuo je direktor Prometa Split Miroslav Deli\u0107. &nbsp;<\/p>\n<p>&#8211; Imamo samo 24 nova vlaka i zasad imamo dovoljno linija, ali radimo na nabavi novih vlakova koji \u0107e se financirati iz EU fondova. Tako\u0111er, \u010detiri nova dizel motorna vlaka trebaju po\u010deti s prometovanjem kraja ove godine tako da bi barem jedan takav vlak za vrijeme ljeta trebao prometovati ovim podru\u010djem &ndash; naveo je predsjednik Uprave Putni\u010dkog prijevoza \u017deljko Uki\u0107<\/p>\n","protected":false},"excerpt":{"rendered":"<p>Na inicijativu gradona\u010delnika Denisa Ivanovi\u0107a u gradskoj upravi odr\u017ean je radni sastanak na temu unaprje\u0111enja prijevoza putnika \u017eeljeznicom i autobusima [&hellip;]<\/p>\n","protected":false},"author":7,"featured_media":5676,"comment_status":"closed","ping_status":"open","sticky":false,"template":"","format":"standard","meta":{"_acf_changed":false,"footnotes":""},"categories":[1],"tags":[],"class_list":["post-5675","post","type-post","status-publish","format-standard","has-post-thumbnail","hentry","category-novosti"],"acf":[],"_links":{"self":[{"href":"https:\/\/kastela.hr\/en\/wp-json\/wp\/v2\/posts\/5675","targetHints":{"allow":["GET"]}}],"collection":[{"href":"https:\/\/kastela.hr\/en\/wp-json\/wp\/v2\/posts"}],"about":[{"href":"https:\/\/kastela.hr\/en\/wp-json\/wp\/v2\/types\/post"}],"author":[{"embeddable":true,"href":"https:\/\/kastela.hr\/en\/wp-json\/wp\/v2\/users\/7"}],"replies":[{"embeddable":true,"href":"https:\/\/kastela.hr\/en\/wp-json\/wp\/v2\/comments?post=5675"}],"version-history":[{"count":1,"href":"https:\/\/kastela.hr\/en\/wp-json\/wp\/v2\/posts\/5675\/revisions"}],"predecessor-version":[{"id":7147,"href":"https:\/\/kastela.hr\/en\/wp-json\/wp\/v2\/posts\/5675\/revisions\/7147"}],"wp:featuredmedia":[{"embeddable":true,"href":"https:\/\/kastela.hr\/en\/wp-json\/wp\/v2\/media\/5676"}],"wp:attachment":[{"href":"https:\/\/kastela.hr\/en\/wp-json\/wp\/v2\/media?parent=5675"}],"wp:term":[{"taxonomy":"category","embeddable":true,"href":"https:\/\/kastela.hr\/en\/wp-json\/wp\/v2\/categories?post=5675"},{"taxonomy":"post_tag","embeddable":true,"href":"https:\/\/kastela.hr\/en\/wp-json\/wp\/v2\/tags?post=5675"}],"curies":[{"name":"wp","href":"https:\/\/api.w.org\/{rel}","templated":true}]}}