{"id":5672,"date":"2019-10-25T07:26:00","date_gmt":"2019-10-25T05:26:00","guid":{"rendered":"https:\/\/kastela.hr\/en\/2019\/10\/25\/jesen-u-kastelima-2019-u-kastel-novom\/"},"modified":"2024-08-29T10:48:11","modified_gmt":"2024-08-29T08:48:11","slug":"jesen-u-kastelima-2019-u-kastel-novom","status":"publish","type":"post","link":"https:\/\/kastela.hr\/en\/2019\/10\/25\/jesen-u-kastelima-2019-u-kastel-novom\/","title":{"rendered":"Jesen u Ka\u0161telima 2019. u Ka\u0161tel Novom"},"content":{"rendered":"<p>Manifestacija Jesen u Ka\u0161telima 2019. odr\u017eat \u0107e se ove subote, 26. listopada,&nbsp; na rivi u Ka\u0161tel Novom.&nbsp;U sklopu manifestacije bit \u0107e odr\u017eani 23. Dani kruha i zahvalnosti za plodove zemlje te Sajam plodova zemlje, u organizaciji udruge&nbsp; &bdquo;\u0160u\u0161ur&ldquo; i&nbsp; Turisti\u010dke zajednice grada Ka\u0161tela, a pod pokroviteljstvom grada Ka\u0161tela i u suradnji s ka\u0161telanskim odgojno-obrazovnim ustanovama i udrugama.<\/p>\n","protected":false},"excerpt":{"rendered":"<p>Manifestacija Jesen u Ka\u0161telima 2019. odr\u017eat \u0107e se ove subote, 26. listopada,&nbsp; na rivi u Ka\u0161tel Novom.&nbsp;U sklopu manifestacije bit [&hellip;]<\/p>\n","protected":false},"author":7,"featured_media":5673,"comment_status":"closed","ping_status":"open","sticky":false,"template":"","format":"standard","meta":{"_acf_changed":false,"footnotes":""},"categories":[1],"tags":[],"class_list":["post-5672","post","type-post","status-publish","format-standard","has-post-thumbnail","hentry","category-novosti"],"acf":[],"_links":{"self":[{"href":"https:\/\/kastela.hr\/en\/wp-json\/wp\/v2\/posts\/5672","targetHints":{"allow":["GET"]}}],"collection":[{"href":"https:\/\/kastela.hr\/en\/wp-json\/wp\/v2\/posts"}],"about":[{"href":"https:\/\/kastela.hr\/en\/wp-json\/wp\/v2\/types\/post"}],"author":[{"embeddable":true,"href":"https:\/\/kastela.hr\/en\/wp-json\/wp\/v2\/users\/7"}],"replies":[{"embeddable":true,"href":"https:\/\/kastela.hr\/en\/wp-json\/wp\/v2\/comments?post=5672"}],"version-history":[{"count":1,"href":"https:\/\/kastela.hr\/en\/wp-json\/wp\/v2\/posts\/5672\/revisions"}],"predecessor-version":[{"id":7146,"href":"https:\/\/kastela.hr\/en\/wp-json\/wp\/v2\/posts\/5672\/revisions\/7146"}],"wp:featuredmedia":[{"embeddable":true,"href":"https:\/\/kastela.hr\/en\/wp-json\/wp\/v2\/media\/5673"}],"wp:attachment":[{"href":"https:\/\/kastela.hr\/en\/wp-json\/wp\/v2\/media?parent=5672"}],"wp:term":[{"taxonomy":"category","embeddable":true,"href":"https:\/\/kastela.hr\/en\/wp-json\/wp\/v2\/categories?post=5672"},{"taxonomy":"post_tag","embeddable":true,"href":"https:\/\/kastela.hr\/en\/wp-json\/wp\/v2\/tags?post=5672"}],"curies":[{"name":"wp","href":"https:\/\/api.w.org\/{rel}","templated":true}]}}