{"id":5655,"date":"2019-10-25T08:21:00","date_gmt":"2019-10-25T06:21:00","guid":{"rendered":"https:\/\/kastela.hr\/en\/2019\/10\/25\/svecano-otvorene-obnovljene-prostorije-ispostave-hitne-pomoci-u-kastel-starom\/"},"modified":"2024-08-29T10:48:11","modified_gmt":"2024-08-29T08:48:11","slug":"svecano-otvorene-obnovljene-prostorije-ispostave-hitne-pomoci-u-kastel-starom","status":"publish","type":"post","link":"https:\/\/kastela.hr\/en\/2019\/10\/25\/svecano-otvorene-obnovljene-prostorije-ispostave-hitne-pomoci-u-kastel-starom\/","title":{"rendered":"Sve\u010dano otvorene obnovljene prostorije ispostave hitne pomo\u0107i u Ka\u0161tel Starom"},"content":{"rendered":"<p>S ciljem daljnjeg unapre\u0111enja zdravstvene za\u0161tite stanovnika Ka\u0161tela, u Ka\u0161tel Starom su sve\u010dano&nbsp;otvorene prostorije Ispostave hitne medicinske pomo\u0107i, a vrijednost investicije iznosi 1 100 000 kuna koliko je izdvojeno za gra\u0111evinske radove, projektnu dokumentaciju i opremanje.<\/p>\n<p>&#8211; Zahvaljujem Gradu Ka\u0161tela jer su za vrijeme 10 mjeseci koliko je trajala obnova, osigurali alternativni prostor, a osim toga, ljeti financiraju i jedan sanitetski tim na \u010demu im iskreno zahvaljujem. Ovo je jedna od na\u0161ih najve\u0107ih ispostava u Splitsko &ndash; dalmatinskoj \u017eupaniji i \u017eelim im \u0161to manje posla &ndash; kazao je \u017eupan Bla\u017eenko Boban.<\/p>\n<p>&#8211; Osim \u0161to smo ustupili i opremili alternativne prostore u kojima su djelatnici ove ispostave primali pacijente za vrijeme obnove ovog objekta, zadnje dvije sezone financiramo dodatni tim hitne pomo\u0107i jer je veliki broj turista na ovom podru\u010dju &ndash; naveo je gradona\u010delnik Denis Ivanovi\u0107.<\/p>\n<p>Leo Lueti\u0107,&nbsp;ravnatelj&nbsp;Zavoda za Hitnu medicinu Splitsko &ndash; dalmatinske \u017eupanije kazao je da ova ispostava obavi ne\u0161to vi\u0161e od 8.000 pacijenata godi\u0161nje te vi\u0161e od 2.500 intervencija dok prosje\u010dno ima 25 pacijenata dnevno u ambulanti te 8 intervencija na terenu \u0161to zna\u010di da \u0107e se u budu\u0107nosti brojke jo\u0161 vi\u0161e pove\u0107avati i zahtijevati dodatne timove.<\/p>\n<p>&#8211; Trudimo se pacijentima stalno biti na usluzi no gra\u0111ani nas znaju zagu\u0161iti intervencijama koje nisu hitne i onda nekada ne mo\u017eemo pravodobno reagirati kada je nekome stvarno hitno. Pokrivamo podru\u010dje koje zajedno sa zale\u0111em obuhva\u0107a i do 50.000 ljudi. Pripadaju nam i svi pacijenti zra\u010dne luke te stara\u010dki domovi. Zadnja ku\u0107a do koje moramo do\u0107i je udaljena 55 minuta brze vo\u017enje &ndash; istaknula je Brankica Bo\u017einovi\u0107 Vrani\u0107, voditeljica ka\u0161telanske Ispostave hitne medicinske pomo\u0107i.<\/p>\n<p>&nbsp;<\/p>\n<p>&nbsp;<\/p>\n","protected":false},"excerpt":{"rendered":"<p>S ciljem daljnjeg unapre\u0111enja zdravstvene za\u0161tite stanovnika Ka\u0161tela, u Ka\u0161tel Starom su sve\u010dano&nbsp;otvorene prostorije Ispostave hitne medicinske pomo\u0107i, a vrijednost [&hellip;]<\/p>\n","protected":false},"author":7,"featured_media":5656,"comment_status":"closed","ping_status":"open","sticky":false,"template":"","format":"standard","meta":{"_acf_changed":false,"footnotes":""},"categories":[1],"tags":[],"class_list":["post-5655","post","type-post","status-publish","format-standard","has-post-thumbnail","hentry","category-novosti"],"acf":[],"_links":{"self":[{"href":"https:\/\/kastela.hr\/en\/wp-json\/wp\/v2\/posts\/5655","targetHints":{"allow":["GET"]}}],"collection":[{"href":"https:\/\/kastela.hr\/en\/wp-json\/wp\/v2\/posts"}],"about":[{"href":"https:\/\/kastela.hr\/en\/wp-json\/wp\/v2\/types\/post"}],"author":[{"embeddable":true,"href":"https:\/\/kastela.hr\/en\/wp-json\/wp\/v2\/users\/7"}],"replies":[{"embeddable":true,"href":"https:\/\/kastela.hr\/en\/wp-json\/wp\/v2\/comments?post=5655"}],"version-history":[{"count":1,"href":"https:\/\/kastela.hr\/en\/wp-json\/wp\/v2\/posts\/5655\/revisions"}],"predecessor-version":[{"id":7145,"href":"https:\/\/kastela.hr\/en\/wp-json\/wp\/v2\/posts\/5655\/revisions\/7145"}],"wp:featuredmedia":[{"embeddable":true,"href":"https:\/\/kastela.hr\/en\/wp-json\/wp\/v2\/media\/5656"}],"wp:attachment":[{"href":"https:\/\/kastela.hr\/en\/wp-json\/wp\/v2\/media?parent=5655"}],"wp:term":[{"taxonomy":"category","embeddable":true,"href":"https:\/\/kastela.hr\/en\/wp-json\/wp\/v2\/categories?post=5655"},{"taxonomy":"post_tag","embeddable":true,"href":"https:\/\/kastela.hr\/en\/wp-json\/wp\/v2\/tags?post=5655"}],"curies":[{"name":"wp","href":"https:\/\/api.w.org\/{rel}","templated":true}]}}