{"id":5640,"date":"2019-10-29T07:10:00","date_gmt":"2019-10-29T06:10:00","guid":{"rendered":"https:\/\/kastela.hr\/en\/2019\/10\/29\/grad-kastela-osigurao-besplatan-prijevoz-na-groblja-2\/"},"modified":"2024-08-29T10:48:11","modified_gmt":"2024-08-29T08:48:11","slug":"grad-kastela-osigurao-besplatan-prijevoz-na-groblja-2","status":"publish","type":"post","link":"https:\/\/kastela.hr\/en\/2019\/10\/29\/grad-kastela-osigurao-besplatan-prijevoz-na-groblja-2\/","title":{"rendered":"Grad Ka\u0161tela osigurao besplatan prijevoz na groblja"},"content":{"rendered":"<p><meta http-equiv=\"CONTENT-TYPE\" content=\"text\/html; charset=utf-8\" \/><meta name=\"GENERATOR\" content=\"OpenOffice.org 3.2  (Win32)\" \/><\/p>\n<style type=\"text\/css\"><!--\n\t\t@page { margin: 2cm }\n\t\tP { margin-bottom: 0.21cm }\n\t-->\n<\/style>\n<\/p>\n<p>Besplatni prijevoz na gradska groblja imat \u0107e svi stanovnici Ka\u0161tela i to na blagdan Svih svetih 01. studenoga 2019. (petak). Grad Ka\u0161tela organizirao je prijevoz kombi vozilima&nbsp;za sve one koji iz bilo kojeg razloga nemaju prijevoz do posljednjeg po\u010divali\u0161ta svojih najmilijih.<\/p>\n<p>Prijevoz \u0107e se odvijati sa \u0161est kombi vozila, koji \u0107e biti posebno ozna\u010deni i to u vremenu od 8 do 16 sati bez posebnog voznog reda (otprilike svakih pola sata ili po potrebi).<\/p>\n<p>Po\u010detna stanica za sve koji pohode groblje u Ka\u0161tel Su\u0107urcu je autobusna stanica na Gospici, u Gomilici kod crkve, u Kambelovcu kod Ribole, u Luk\u0161i\u0107u ju\u017eno od \u0161kole, u Starom s autobusnog stajali\u0161ta, u Novom i \u0160tafili\u0107u kod vrti\u0107a Maslina \u0161to zna\u010di da \u0107e kombi vozilo gra\u0111ane prevoziti do mjesnih groblja te s groblja natrag na mjesto polaska.<\/p>\n<p>&ndash; \u017delimo da na blagdan Svih svetih svi do\u0111u do grobova svojih najmilijih. Posebno se to odnosi na starije osobe i one koji iz bilo kojeg razloga nemaju prijevoz. Kao i zadnje dvije godine, Grad Ka\u0161tela je osigurao kombije koje \u0107e gra\u0111ani lako prepoznati jer \u0107e imati istaknutu oznaku za prijevoz do groblja &ndash; poru\u010duje gradona\u010delnik Denis Ivanovi\u0107.<\/p>\n<p>foto: Zvonimir Bari\u0161in<\/p>\n","protected":false},"excerpt":{"rendered":"<p>Besplatni prijevoz na gradska groblja imat \u0107e svi stanovnici Ka\u0161tela i to na blagdan Svih svetih 01. studenoga 2019. (petak). [&hellip;]<\/p>\n","protected":false},"author":7,"featured_media":5641,"comment_status":"closed","ping_status":"open","sticky":false,"template":"","format":"standard","meta":{"_acf_changed":false,"footnotes":""},"categories":[1],"tags":[],"class_list":["post-5640","post","type-post","status-publish","format-standard","has-post-thumbnail","hentry","category-novosti"],"acf":[],"_links":{"self":[{"href":"https:\/\/kastela.hr\/en\/wp-json\/wp\/v2\/posts\/5640","targetHints":{"allow":["GET"]}}],"collection":[{"href":"https:\/\/kastela.hr\/en\/wp-json\/wp\/v2\/posts"}],"about":[{"href":"https:\/\/kastela.hr\/en\/wp-json\/wp\/v2\/types\/post"}],"author":[{"embeddable":true,"href":"https:\/\/kastela.hr\/en\/wp-json\/wp\/v2\/users\/7"}],"replies":[{"embeddable":true,"href":"https:\/\/kastela.hr\/en\/wp-json\/wp\/v2\/comments?post=5640"}],"version-history":[{"count":1,"href":"https:\/\/kastela.hr\/en\/wp-json\/wp\/v2\/posts\/5640\/revisions"}],"predecessor-version":[{"id":7143,"href":"https:\/\/kastela.hr\/en\/wp-json\/wp\/v2\/posts\/5640\/revisions\/7143"}],"wp:featuredmedia":[{"embeddable":true,"href":"https:\/\/kastela.hr\/en\/wp-json\/wp\/v2\/media\/5641"}],"wp:attachment":[{"href":"https:\/\/kastela.hr\/en\/wp-json\/wp\/v2\/media?parent=5640"}],"wp:term":[{"taxonomy":"category","embeddable":true,"href":"https:\/\/kastela.hr\/en\/wp-json\/wp\/v2\/categories?post=5640"},{"taxonomy":"post_tag","embeddable":true,"href":"https:\/\/kastela.hr\/en\/wp-json\/wp\/v2\/tags?post=5640"}],"curies":[{"name":"wp","href":"https:\/\/api.w.org\/{rel}","templated":true}]}}