{"id":5619,"date":"2019-10-31T08:41:00","date_gmt":"2019-10-31T07:41:00","guid":{"rendered":"https:\/\/kastela.hr\/en\/2019\/10\/31\/polozeni-vijenci-i-upaljene-svijece-povodom-svih-svetih-i-dusnog-dana\/"},"modified":"2024-08-29T10:48:10","modified_gmt":"2024-08-29T08:48:10","slug":"polozeni-vijenci-i-upaljene-svijece-povodom-svih-svetih-i-dusnog-dana","status":"publish","type":"post","link":"https:\/\/kastela.hr\/en\/2019\/10\/31\/polozeni-vijenci-i-upaljene-svijece-povodom-svih-svetih-i-dusnog-dana\/","title":{"rendered":"Polo\u017eeni vijenci i upaljene svije\u0107e povodom Svih svetih i Du\u0161nog dana"},"content":{"rendered":"<p>Blagdan Svih svetih i Du\u0161ni dan dostojno su u Ka\u0161telima obilje\u017eeni i ove godine. Tradicionalno uo\u010di blagdana, polo\u017eeni su vijenci i zapaljene svije\u0107e za sve hrvatske branitelje i prvog hrvatskog predsjednika dr. Franju Tu\u0111mana.<\/p>\n<p>U Gradskoj vije\u0107nici u Ka\u0161tel Su\u0107urcu \u017eupnik don Ivan Deli\u0107 predvodio je molitvu odrje\u0161enja za poginule branitelje, nakon \u010dega je uslijedila podjela aran\u017emana i svije\u0107a.<\/p>\n<p>Vijence i svije\u0107e polo\u017eili su predstavnici Hvidre i Udruga proiza\u0161lih iz Domovinskog rata, predstavnici Grada Ka\u0161tela na \u010delu s gradona\u010delnikom Denisom Ivanovi\u0107em, njegovim zamjenicima Jadrankom Matok Bosan\u010di\u0107, Grgicom Benuti\u0107em, predsjednikom Gradskog vije\u0107a Ivanom Udovi\u010di\u0107em, \u010dlanovi Zajednice utemeljitelja HDZ-a dr. Franje Tu\u0111mana Ka\u0161tela, predstavnici Udruge antifa\u0161isti\u010dkih boraca i antifa\u0161ista Ka\u0161tela te predstavnici Udruge &bdquo;Stina pradidova&ldquo;.<\/p>\n<p>Prisutni su najprije odali po\u010dast pred spomenikom dr. Franji Tu\u0111manu u Ka\u0161tel Luk\u0161i\u0107u, a potom i pred spomen obilje\u017ejem poginulim braniteljima na Mala\u010dkoj nakon \u010dega je zavr\u0161nu molitvu predvodio biv\u0161i ka\u0161telanski gradona\u010delnik i jedan od utemeljitelja HDZ-a u Ka\u0161telima Veselko Andromak.<\/p>\n<p>Predstavnici Grada Ka\u0161tela tako\u0111er su vijence polo\u017eili i upalili svije\u0107e u Ka\u0161tel Novom na spomen obilje\u017eju poginulima iz II. svjetskog rata te na spomeniku ubijenim sve\u0107enicima iz II. svjetskog rata i pora\u0107a.<\/p>\n<p>Vijenci su zatim polo\u017eeni i na posljednjim po\u010divali\u0161tima poginulih hrvatskih branitelja u Ka\u0161telima i Ka\u0161telanskoj zagori.<\/p>\n<p>&nbsp;<\/p>\n","protected":false},"excerpt":{"rendered":"<p>Blagdan Svih svetih i Du\u0161ni dan dostojno su u Ka\u0161telima obilje\u017eeni i ove godine. Tradicionalno uo\u010di blagdana, polo\u017eeni su vijenci [&hellip;]<\/p>\n","protected":false},"author":7,"featured_media":5620,"comment_status":"closed","ping_status":"open","sticky":false,"template":"","format":"standard","meta":{"_acf_changed":false,"footnotes":""},"categories":[1],"tags":[],"class_list":["post-5619","post","type-post","status-publish","format-standard","has-post-thumbnail","hentry","category-novosti"],"acf":[],"_links":{"self":[{"href":"https:\/\/kastela.hr\/en\/wp-json\/wp\/v2\/posts\/5619","targetHints":{"allow":["GET"]}}],"collection":[{"href":"https:\/\/kastela.hr\/en\/wp-json\/wp\/v2\/posts"}],"about":[{"href":"https:\/\/kastela.hr\/en\/wp-json\/wp\/v2\/types\/post"}],"author":[{"embeddable":true,"href":"https:\/\/kastela.hr\/en\/wp-json\/wp\/v2\/users\/7"}],"replies":[{"embeddable":true,"href":"https:\/\/kastela.hr\/en\/wp-json\/wp\/v2\/comments?post=5619"}],"version-history":[{"count":1,"href":"https:\/\/kastela.hr\/en\/wp-json\/wp\/v2\/posts\/5619\/revisions"}],"predecessor-version":[{"id":7142,"href":"https:\/\/kastela.hr\/en\/wp-json\/wp\/v2\/posts\/5619\/revisions\/7142"}],"wp:featuredmedia":[{"embeddable":true,"href":"https:\/\/kastela.hr\/en\/wp-json\/wp\/v2\/media\/5620"}],"wp:attachment":[{"href":"https:\/\/kastela.hr\/en\/wp-json\/wp\/v2\/media?parent=5619"}],"wp:term":[{"taxonomy":"category","embeddable":true,"href":"https:\/\/kastela.hr\/en\/wp-json\/wp\/v2\/categories?post=5619"},{"taxonomy":"post_tag","embeddable":true,"href":"https:\/\/kastela.hr\/en\/wp-json\/wp\/v2\/tags?post=5619"}],"curies":[{"name":"wp","href":"https:\/\/api.w.org\/{rel}","templated":true}]}}