{"id":5611,"date":"2019-11-04T05:55:00","date_gmt":"2019-11-04T04:55:00","guid":{"rendered":"https:\/\/kastela.hr\/en\/2019\/11\/04\/gradska-knjiznica-kastela-nagradila-najbolje-u-ljetnom-knjizevnom-izazovu-2019\/"},"modified":"2024-08-29T10:48:10","modified_gmt":"2024-08-29T08:48:10","slug":"gradska-knjiznica-kastela-nagradila-najbolje-u-ljetnom-knjizevnom-izazovu-2019","status":"publish","type":"post","link":"https:\/\/kastela.hr\/en\/2019\/11\/04\/gradska-knjiznica-kastela-nagradila-najbolje-u-ljetnom-knjizevnom-izazovu-2019\/","title":{"rendered":"Gradska knji\u017enica Ka\u0161tela nagradila najbolje u \u201cLjetnom knji\u017eevnom izazovu 2019.\u201d"},"content":{"rendered":"<p>Antonija \u0160arac, Laura Kova\u010d, Mihaela D\u017eelalija i Ena Juri\u0161i\u0107 &#8211; djeca su koja su pro\u010ditala najvi\u0161e knjiga tijekom ljeta u kategorijama &ldquo;vi\u0161i razredi O\u0160&rdquo;, ni\u017ei razredi O\u0160&rdquo;, &ldquo;srednja \u0161kola&rdquo; i &bdquo;pred\u0161kolci&ldquo;, a za svoj u\u017eitak i trud nagra\u0111eni su priznanjima GKK i vrijednim knjigama.<\/p>\n<p>Dvadeset sudionika &ldquo;Ljetnog knji\u017eevnog izazova 2019.&rdquo; iz Dje\u010djeg odjela GKK u Ka\u0161tel Starome u petak uve\u010der ku\u0107i su oti\u0161li s priznanjima Gradske knji\u017enice Ka\u0161tela i knjigama tvrtke &ldquo;Ho\u0107u knjigu&rdquo; i Nakladni\u010dke ku\u0107e Naklada Bo\u0161kovi\u0107 koji su svu djecu koja su pro\u010ditala 10 i vi\u0161e knjiga nagradili knjigama.<\/p>\n<p>Nakon kratke uvodne rije\u010di ravnateljice GKK Renate Dobri\u0107, koja je istaknula kako je Knji\u017enica tijekom ljeta ove godine po \u0161esti put organizirala ljetno natjecanje u \u010ditanju pod naslovom &quot;Ljetni knji\u017eevni izazov GKK 2019.&quot; upravo zbog poticanja mla\u0111ih korisnika na \u010ditanje tijekom ljetnih \u0161kolskih praznika, navela je i kako \u0107e Knji\u017enica sli\u010dno natjecanje organizirati i tijekom zimskih praznika, kako bi mlade Ka\u0161telane potaknuli na \u010ditanje u slobodno vrijeme tijekom cijele godine.<\/p>\n<p>U zabavnom dijelu programa nastupili su polaznici Ka\u0161telanskog dje\u010djeg kazali\u0161ta \u0160katula s igrokazom &ldquo;Trinaesti petak u godini&rdquo; i Dramska skupina O\u0160 prof. Filipa Lukasa s igrokazom &bdquo;Tko u slozi stoji ni\u010deg se ne boji&ldquo;.<\/p>\n<p>\u010cestitav\u0161i svim natjecateljima, roditeljima, bakama i djedovima, kao i svima ostalima, koji su se u Dje\u010djem odjelu GKK okupili kako bi podr\u017eali sve ovogodi\u0161nje sudionike ljetnog natjecanja u \u010ditanju uz rije\u010di: &ldquo;\u010cestitamo vam od srca na ovolikom broju pro\u010ditanih knjiga i \u010ditajte i dalje \u0161to vi\u0161e, jer djeca koja \u010ditaju, postaju inteligentni i kreativni ljudi koji misle&rdquo;, Renata Dobri\u0107, Sonja Jurat i Matko Grgin su svima uputili poziv za dru\u017eenje u GKK, jer su u sklopu Mjeseca hrvatske knjige sve do 15. studenog u svim odjelima GKK organizirane kreativne radionice, pri\u010daonice, \u010ditaonice i ostali programi za djecu i mlade, ali i za odrasle.<\/p>\n<p>Nagra\u0111ena djeca:<\/p>\n<p>Srednja \u0161kola:<\/p>\n<p>LAURA KOVA\u010c, S\u0160 &ldquo;Bla\u017e Jurjev Trogiranin&rdquo;, 1. r. &#8211; 32 knj.<\/p>\n<p>PETRA VUJEVI\u0106, NKG &ldquo;Don Frane Buli\u0107&rdquo;, 2. r. &#8211; 12 knj.&nbsp;<\/p>\n<p>&nbsp;<\/p>\n<p>Od 5. do 8. razreda:<\/p>\n<p>ANTONIJA \u0160ARAC, O\u0160 Ostrog, 5. r. &#8211; 33 knj.<\/p>\n<p>MARIN PLE\u0106A\u0160 , O\u0160 prof. F. Lukasa, 7. r. -24 knjige<\/p>\n<p>LANA TERZI\u0106, O\u0160 kneza Trpimira, 5. r. &#8211; 23 knj.<\/p>\n<p>IVANO MR\u0160I\u0106 O\u0160 prof. F. Lukasa, 7. r. &#8211; 20 knjiga&nbsp;&nbsp;<\/p>\n<p>TONKA BAV\u010cEVI\u0106, O\u0160 prof. F. Lukasa, 5. r. -19 knjiga&nbsp;&nbsp;&nbsp;<\/p>\n<p>ROKO \u0160ERI\u0106, O\u0160 Bija\u0107i, 5. r. &#8211; 18 knjiga<\/p>\n<p>NINA \u0160ERI\u0106 , O\u0160 Bija\u0107i, 5. r. &#8211; 18 knjiga<\/p>\n<p>MARINO MIJANI\u0106, O\u0160 Ostrog, 6. r. &#8211; 18 knj.<\/p>\n<p>ALINA LON\u010cAR, O\u0160 Bija\u0107i, 5. r.-&nbsp;11 knjiga<\/p>\n<p>TARA BILA\u010c, O\u0160 prof. F. Lukasa, 8. r. &#8211; 11 knjiga<\/p>\n<p>LAURA&nbsp; D\u017dELALIJA, O\u0160 prof. F. Lukasa, 6. r. &#8211; 10 knjiga&nbsp;&nbsp;<\/p>\n<p>&nbsp;<\/p>\n<p>Od 1.do 4. razreda:<\/p>\n<p>MIHAELA D\u017dELALIJA, O\u0160 prof. F. Lukasa, 1. r. &#8211; 21 knj.&nbsp; &nbsp; &nbsp;&nbsp;<\/p>\n<p>PAULA&nbsp; D\u017dELALIJA, O\u0160 prof. F. Lukasa, 3. r &#8211; 16 knj.&nbsp;<\/p>\n<p>DOMINIK DRA\u017dI\u0106, O\u0160 Ostrog, 3. r. &#8211; 12 knjiga&nbsp;&nbsp;<\/p>\n<p>TARA PULJI\u0106, O\u0160 Poji\u0161an, Split 3.r.- 12 knj.<\/p>\n<p>LUCIJA ABAZA, O\u0160 Bija\u0107i, 3. r. &#8211; 11 knj.<\/p>\n<p>LUCIJA JURI\u0106, O\u0160 kneza Trpimira, 3. r. &#8211; 10 knj.<\/p>\n<p>&nbsp;<\/p>\n<p>Dje\u010dji vrti\u0107<\/p>\n<p>ENA&nbsp;JURI\u0160I\u0106,&nbsp;pred\u0161kolac&nbsp;,&nbsp;&nbsp;27&nbsp;slikovnica<\/p>\n<p>&nbsp;<\/p>\n","protected":false},"excerpt":{"rendered":"<p>Antonija \u0160arac, Laura Kova\u010d, Mihaela D\u017eelalija i Ena Juri\u0161i\u0107 &#8211; djeca su koja su pro\u010ditala najvi\u0161e knjiga tijekom ljeta u [&hellip;]<\/p>\n","protected":false},"author":7,"featured_media":5612,"comment_status":"closed","ping_status":"open","sticky":false,"template":"","format":"standard","meta":{"_acf_changed":false,"footnotes":""},"categories":[1],"tags":[],"class_list":["post-5611","post","type-post","status-publish","format-standard","has-post-thumbnail","hentry","category-novosti"],"acf":[],"_links":{"self":[{"href":"https:\/\/kastela.hr\/en\/wp-json\/wp\/v2\/posts\/5611","targetHints":{"allow":["GET"]}}],"collection":[{"href":"https:\/\/kastela.hr\/en\/wp-json\/wp\/v2\/posts"}],"about":[{"href":"https:\/\/kastela.hr\/en\/wp-json\/wp\/v2\/types\/post"}],"author":[{"embeddable":true,"href":"https:\/\/kastela.hr\/en\/wp-json\/wp\/v2\/users\/7"}],"replies":[{"embeddable":true,"href":"https:\/\/kastela.hr\/en\/wp-json\/wp\/v2\/comments?post=5611"}],"version-history":[{"count":1,"href":"https:\/\/kastela.hr\/en\/wp-json\/wp\/v2\/posts\/5611\/revisions"}],"predecessor-version":[{"id":7140,"href":"https:\/\/kastela.hr\/en\/wp-json\/wp\/v2\/posts\/5611\/revisions\/7140"}],"wp:featuredmedia":[{"embeddable":true,"href":"https:\/\/kastela.hr\/en\/wp-json\/wp\/v2\/media\/5612"}],"wp:attachment":[{"href":"https:\/\/kastela.hr\/en\/wp-json\/wp\/v2\/media?parent=5611"}],"wp:term":[{"taxonomy":"category","embeddable":true,"href":"https:\/\/kastela.hr\/en\/wp-json\/wp\/v2\/categories?post=5611"},{"taxonomy":"post_tag","embeddable":true,"href":"https:\/\/kastela.hr\/en\/wp-json\/wp\/v2\/tags?post=5611"}],"curies":[{"name":"wp","href":"https:\/\/api.w.org\/{rel}","templated":true}]}}