{"id":5608,"date":"2019-11-04T09:44:00","date_gmt":"2019-11-04T08:44:00","guid":{"rendered":"https:\/\/kastela.hr\/en\/2019\/11\/04\/revitalizacija-vinogradarstva-u-splitsko-dalmatinskoj-zupaniji\/"},"modified":"2024-08-29T10:48:10","modified_gmt":"2024-08-29T08:48:10","slug":"revitalizacija-vinogradarstva-u-splitsko-dalmatinskoj-zupaniji","status":"publish","type":"post","link":"https:\/\/kastela.hr\/en\/2019\/11\/04\/revitalizacija-vinogradarstva-u-splitsko-dalmatinskoj-zupaniji\/","title":{"rendered":"Revitalizacija vinogradarstva u Splitsko \u2013 dalmatinskoj \u017eupaniji"},"content":{"rendered":"<p>Srednja \u0161kola Bra\u0107a Radi\u0107 Ka\u0161tel \u0160tafili\u0107 &ndash;Nehaj provodi projekt Revitalizacija vinogradarstva u Splitsko &ndash; dalmatinskoj \u017eupaniji kroz koji omogu\u0107ava nezaposlenima s podru\u010dja Splitsko &ndash; dalmatinske \u017eupanije besplatno obrazovanje u programu vo\u0107ar, vinogradar i vinar. Projekt je prema mi\u0161ljenju Agencije za strukovno obrazovanje i obrazovanje odraslih od iznimne va\u017enosti za \u017eupaniju jer se njegovi ciljevi podudaraju sa strategijom razvoja iste.<\/p>\n<p>Ka\u0161telanska vinarska \u0161kola je besplatan program obrazovanja odraslih u organizaciji Srednje \u0161kole Bra\u0107a Radi\u0107 iz Ka\u0161tel \u0160tafili\u0107a i Javne ustanove RERA S.D. te je sufinanciran sredstvima iz Europskog socijalnog fonda.<\/p>\n<p>Po zavr\u0161etku programa, polaznici \u0107e ste\u0107i znanja iz podru\u010dja: VO\u0106AR, VINOGRADAR, VINAR. Ste\u010deno zanimanje \u0107e biti upisano u e &#8211; radnu knji\u017eicu.<\/p>\n<p>U sklopu programa stru\u010dnjaci \u0107e im pomo\u0107i izraditi poslovni plan za unapre\u0111enje postoje\u0107eg ili pokretanje novog OPG-a. Izra\u0111eni poslovni planovi su veliki doprinos i otvaraju mogu\u0107nost prijava za bespovratna sredstva iz vanjskih izvora financiranja (nacionalni i EU).<\/p>\n<p>Projekt je namijenjen osobama starijim od 34 godine koje nisu u radnom odnosu du\u017ee od godinu dana. Poha\u0111anje programa za sve sudionike iz Splitsko &ndash; dalmatinske \u017eupanije je besplatno, a osigurana je naknada tro\u0161kova puta i smje\u0161taj (po potrebi) te svi nastavni materijali.<\/p>\n<p>Prijave traju do 15.11.2019., a broj polaznika je ograni\u010den.<\/p>\n<p>Prijave su putem poveznice http:\/\/kastelanska-vinarska-skola.eu\/program-prijavi-se\/.<\/p>\n<p>Sve informacije mogu se dobiti na 098598738- Marija Rapani\u0107, voditeljica obrazovanja odraslih, ili na e-mail: rapanic.marija@gmail.com<\/p>\n","protected":false},"excerpt":{"rendered":"<p>Srednja \u0161kola Bra\u0107a Radi\u0107 Ka\u0161tel \u0160tafili\u0107 &ndash;Nehaj provodi projekt Revitalizacija vinogradarstva u Splitsko &ndash; dalmatinskoj \u017eupaniji kroz koji omogu\u0107ava nezaposlenima [&hellip;]<\/p>\n","protected":false},"author":7,"featured_media":5609,"comment_status":"closed","ping_status":"open","sticky":false,"template":"","format":"standard","meta":{"_acf_changed":false,"footnotes":""},"categories":[1],"tags":[],"class_list":["post-5608","post","type-post","status-publish","format-standard","has-post-thumbnail","hentry","category-novosti"],"acf":[],"_links":{"self":[{"href":"https:\/\/kastela.hr\/en\/wp-json\/wp\/v2\/posts\/5608","targetHints":{"allow":["GET"]}}],"collection":[{"href":"https:\/\/kastela.hr\/en\/wp-json\/wp\/v2\/posts"}],"about":[{"href":"https:\/\/kastela.hr\/en\/wp-json\/wp\/v2\/types\/post"}],"author":[{"embeddable":true,"href":"https:\/\/kastela.hr\/en\/wp-json\/wp\/v2\/users\/7"}],"replies":[{"embeddable":true,"href":"https:\/\/kastela.hr\/en\/wp-json\/wp\/v2\/comments?post=5608"}],"version-history":[{"count":1,"href":"https:\/\/kastela.hr\/en\/wp-json\/wp\/v2\/posts\/5608\/revisions"}],"predecessor-version":[{"id":7139,"href":"https:\/\/kastela.hr\/en\/wp-json\/wp\/v2\/posts\/5608\/revisions\/7139"}],"wp:featuredmedia":[{"embeddable":true,"href":"https:\/\/kastela.hr\/en\/wp-json\/wp\/v2\/media\/5609"}],"wp:attachment":[{"href":"https:\/\/kastela.hr\/en\/wp-json\/wp\/v2\/media?parent=5608"}],"wp:term":[{"taxonomy":"category","embeddable":true,"href":"https:\/\/kastela.hr\/en\/wp-json\/wp\/v2\/categories?post=5608"},{"taxonomy":"post_tag","embeddable":true,"href":"https:\/\/kastela.hr\/en\/wp-json\/wp\/v2\/tags?post=5608"}],"curies":[{"name":"wp","href":"https:\/\/api.w.org\/{rel}","templated":true}]}}