{"id":5605,"date":"2019-11-04T11:03:00","date_gmt":"2019-11-04T10:03:00","guid":{"rendered":"https:\/\/kastela.hr\/en\/2019\/11\/04\/gkk-organizira-zupanijsko-natjecanje-u-citanju-naglas\/"},"modified":"2024-08-29T10:48:10","modified_gmt":"2024-08-29T08:48:10","slug":"gkk-organizira-zupanijsko-natjecanje-u-citanju-naglas","status":"publish","type":"post","link":"https:\/\/kastela.hr\/en\/2019\/11\/04\/gkk-organizira-zupanijsko-natjecanje-u-citanju-naglas\/","title":{"rendered":"GKK organizira \u017eupanijsko Natjecanje u \u010ditanju naglas"},"content":{"rendered":"<p>\u017dupanijsko natjecanje u \u010ditanju naglas, koje se ve\u0107 sedmu godinu u sklopu Mjeseca hrvatske knjige odr\u017eava u organizaciji Gradske knji\u017enice Ka\u0161tela u suradnji s ka\u0161telanskim osnovnim \u0161kolama i ostalim zainteresiranim osnovnim \u0161kolama iz Splitsko-dalmatinske \u017eupanije odr\u017eat \u0107e se u srijedu 6. studenoga u 19.30 sati u Nadbiskupskom ka\u0161telu (Muzej grada Ka\u0161tela, Gospojska \u0161trada 1) u Ka\u0161tel Su\u0107urcu.<\/p>\n<p>Gradska knji\u017enica Ka\u0161tela uklju\u010dila se i ove godine u &ldquo;7. Nacionalno natjecanje u \u010ditanju naglas&rdquo;, koje su pokrenule Komisija za knji\u017eni\u010dne usluge za djecu i mlade\u017e Hrvatskog knji\u017eni\u010darskog dru\u0161tva i Narodna knji\u017enica i \u010ditaonica Vlado Gotovac Sisak.<br \/>\nNatjecanje je namijenjeno u\u010denicima osnovnih \u0161kola od 3. do 8. razreda, a dvoje odabranih u\u010denika predstavljat \u0107e Splitsko-dalmatinsku \u017eupaniju na 7. dr\u017eavnom Natjecanju koje \u0107e se odr\u017eati 21. i 22. studenog 2019. godine u Sisku.<\/p>\n<p>Cilj ove akcije je poticanje \u010ditanja, razvoj \u010ditala\u010dkih navika, popularizacija knjige te poticanje pozitivnog natjecateljskog duha.<\/p>\n<p>&nbsp;<\/p>\n<p>&nbsp;<\/p>\n","protected":false},"excerpt":{"rendered":"<p>\u017dupanijsko natjecanje u \u010ditanju naglas, koje se ve\u0107 sedmu godinu u sklopu Mjeseca hrvatske knjige odr\u017eava u organizaciji Gradske knji\u017enice [&hellip;]<\/p>\n","protected":false},"author":7,"featured_media":5606,"comment_status":"closed","ping_status":"open","sticky":false,"template":"","format":"standard","meta":{"_acf_changed":false,"footnotes":""},"categories":[1],"tags":[],"class_list":["post-5605","post","type-post","status-publish","format-standard","has-post-thumbnail","hentry","category-novosti"],"acf":[],"_links":{"self":[{"href":"https:\/\/kastela.hr\/en\/wp-json\/wp\/v2\/posts\/5605","targetHints":{"allow":["GET"]}}],"collection":[{"href":"https:\/\/kastela.hr\/en\/wp-json\/wp\/v2\/posts"}],"about":[{"href":"https:\/\/kastela.hr\/en\/wp-json\/wp\/v2\/types\/post"}],"author":[{"embeddable":true,"href":"https:\/\/kastela.hr\/en\/wp-json\/wp\/v2\/users\/7"}],"replies":[{"embeddable":true,"href":"https:\/\/kastela.hr\/en\/wp-json\/wp\/v2\/comments?post=5605"}],"version-history":[{"count":1,"href":"https:\/\/kastela.hr\/en\/wp-json\/wp\/v2\/posts\/5605\/revisions"}],"predecessor-version":[{"id":7138,"href":"https:\/\/kastela.hr\/en\/wp-json\/wp\/v2\/posts\/5605\/revisions\/7138"}],"wp:featuredmedia":[{"embeddable":true,"href":"https:\/\/kastela.hr\/en\/wp-json\/wp\/v2\/media\/5606"}],"wp:attachment":[{"href":"https:\/\/kastela.hr\/en\/wp-json\/wp\/v2\/media?parent=5605"}],"wp:term":[{"taxonomy":"category","embeddable":true,"href":"https:\/\/kastela.hr\/en\/wp-json\/wp\/v2\/categories?post=5605"},{"taxonomy":"post_tag","embeddable":true,"href":"https:\/\/kastela.hr\/en\/wp-json\/wp\/v2\/tags?post=5605"}],"curies":[{"name":"wp","href":"https:\/\/api.w.org\/{rel}","templated":true}]}}