{"id":5602,"date":"2019-11-06T05:44:00","date_gmt":"2019-11-06T04:44:00","guid":{"rendered":"https:\/\/kastela.hr\/en\/2019\/11\/06\/gostovanje-hrvatskog-pjevackog-drustva-bijacka-vila-kastela-na-4-koncertu-furjonove-zviezde\/"},"modified":"2024-08-29T10:48:10","modified_gmt":"2024-08-29T08:48:10","slug":"gostovanje-hrvatskog-pjevackog-drustva-bijacka-vila-kastela-na-4-koncertu-furjonove-zviezde","status":"publish","type":"post","link":"https:\/\/kastela.hr\/en\/2019\/11\/06\/gostovanje-hrvatskog-pjevackog-drustva-bijacka-vila-kastela-na-4-koncertu-furjonove-zviezde\/","title":{"rendered":"Gostovanje Hrvatskog pjeva\u010dkog dru\u0161tva Bija\u0107ka vila \u2013 Ka\u0161tela na 4. koncertu Furjonove zviezde"},"content":{"rendered":"<p>Hrvatsko pjeva\u010dko dru\u0161tvo <em>Bija\u0107ka vila<\/em> &ndash; Ka\u0161tela, ove subote 9. studenoga, sudjeluje na 4. koncertu projekta <em>Furjonova zviezda<\/em> u \u010cakovcu. Projket <em>Furjonova zviezda,<\/em> \u010diji je idejni za\u010detnik i autor Nikola Sebastijan Jambro\u0161i\u0107 zapo\u010deo je 2016. godine pod visokim pokroviteljstvom Ministarstva kulture Republike Hrvatske, \u010cakove\u010dko &ndash; me\u0111imurske \u017eupanije i Instituta <em>Ars musica<\/em>.<\/p>\n<p>Cilj projekta je sa\u010duvati kulturnu ba\u0161tinu me\u0111imurskog kraja kroz suvremene obrade tradicijskih tekstova i melodija kantora Florijana Andra\u0161eca (1888. &ndash; 1962.). Andra\u0161ec je cijeli svoj \u017eivotni vijek posvetio stvaranju i prikupljanju melodija, napjeva i razli\u010ditih knji\u017eevnih tekstova.<\/p>\n<p>HPD <em>Bija\u0107ka vila<\/em> &ndash; Ka\u0161tela \u0107e u sklopu cijelove\u010dernjeg koncerta pod nazivom <em>Andra\u0161ec u izvedbi<\/em> <em>hrvatskog juga<\/em> izvesti skladbu <em>Lep\u0161ega imena gdo bi zre\u010di mogel<\/em>. Tekst i glazbu je napisao sam kantor Andra\u0161ec, a obradio je profesor Vlado Sunko. Vrijedno je istaknuti da \u0107e ovo biti praizvedba Sunkove skladbe te je sam skladatelj sudjelovao u radu HPD <em>Bija\u0107ke vile<\/em> zajedno sa maestrom Androm \u010calom, umjetni\u010dkim voditeljem <em>Vile<\/em>.<\/p>\n","protected":false},"excerpt":{"rendered":"<p>Hrvatsko pjeva\u010dko dru\u0161tvo Bija\u0107ka vila &ndash; Ka\u0161tela, ove subote 9. studenoga, sudjeluje na 4. koncertu projekta Furjonova zviezda u \u010cakovcu. [&hellip;]<\/p>\n","protected":false},"author":7,"featured_media":5603,"comment_status":"closed","ping_status":"open","sticky":false,"template":"","format":"standard","meta":{"_acf_changed":false,"footnotes":""},"categories":[1],"tags":[],"class_list":["post-5602","post","type-post","status-publish","format-standard","has-post-thumbnail","hentry","category-novosti"],"acf":[],"_links":{"self":[{"href":"https:\/\/kastela.hr\/en\/wp-json\/wp\/v2\/posts\/5602","targetHints":{"allow":["GET"]}}],"collection":[{"href":"https:\/\/kastela.hr\/en\/wp-json\/wp\/v2\/posts"}],"about":[{"href":"https:\/\/kastela.hr\/en\/wp-json\/wp\/v2\/types\/post"}],"author":[{"embeddable":true,"href":"https:\/\/kastela.hr\/en\/wp-json\/wp\/v2\/users\/7"}],"replies":[{"embeddable":true,"href":"https:\/\/kastela.hr\/en\/wp-json\/wp\/v2\/comments?post=5602"}],"version-history":[{"count":1,"href":"https:\/\/kastela.hr\/en\/wp-json\/wp\/v2\/posts\/5602\/revisions"}],"predecessor-version":[{"id":7137,"href":"https:\/\/kastela.hr\/en\/wp-json\/wp\/v2\/posts\/5602\/revisions\/7137"}],"wp:featuredmedia":[{"embeddable":true,"href":"https:\/\/kastela.hr\/en\/wp-json\/wp\/v2\/media\/5603"}],"wp:attachment":[{"href":"https:\/\/kastela.hr\/en\/wp-json\/wp\/v2\/media?parent=5602"}],"wp:term":[{"taxonomy":"category","embeddable":true,"href":"https:\/\/kastela.hr\/en\/wp-json\/wp\/v2\/categories?post=5602"},{"taxonomy":"post_tag","embeddable":true,"href":"https:\/\/kastela.hr\/en\/wp-json\/wp\/v2\/tags?post=5602"}],"curies":[{"name":"wp","href":"https:\/\/api.w.org\/{rel}","templated":true}]}}