{"id":5594,"date":"2019-11-08T06:03:00","date_gmt":"2019-11-08T05:03:00","guid":{"rendered":"https:\/\/kastela.hr\/en\/2019\/11\/08\/zapocela-sanacija-vile-nika\/"},"modified":"2024-08-29T10:48:10","modified_gmt":"2024-08-29T08:48:10","slug":"zapocela-sanacija-vile-nika","status":"publish","type":"post","link":"https:\/\/kastela.hr\/en\/2019\/11\/08\/zapocela-sanacija-vile-nika\/","title":{"rendered":"Zapo\u010dela sanacija Vile Nika"},"content":{"rendered":"<p>Zapo\u010deli su radovi na sanaciji i kompletnom ure\u0111enju Vile Nika u Ka\u0161tel Starom u \u010diju obnovu Grad Ka\u0161tela ula\u017ee vi\u0161e od 3,5 milijuna kuna. Vila \u0107e za 18 mjeseci biti ure\u0111ena kao vi\u0161enamjenski objekt i to za poslovno-dru\u0161tvenu namjenu.<\/p>\n<p>&#8211; Isho\u0111enje dokumentacije zapo\u010delo je jo\u0161 2013. godine kad je Ministarstvo kulture sufinanciralo izradu geodetske snimke i idejnog projekta, a u 2015. godini napravljen je glavni projekt sanacije. Nedavno&nbsp;je zavr\u0161en postupak dobivanja svih potrebnih dozvola te naposljetku odabir nadzora. Iznos od vi\u0161e od 3,5 milijuna kuna, koliko \u0107e stajati ure\u0111enje i stavljanje objekta u funkciju, Grad je osigurao iz vlastitih prora\u010dunskih sredstava, a upravo nedostatak novca glavni je razlog \u0161to ovo ka\u0161telansko kulturno dobro nije ranije do\u0161lo na red za obnovu. U ovom mandatu gradska uprava poduzela je sve da se pokrene rekonstrukcija, ali i proces isho\u0111enja dokumentacije koji je bio dugotrajan jer se radi o za\u0161ti\u0107enom objektu &ndash; isti\u010de gradona\u010delnik Denis Ivanovi\u0107<\/p>\n<p>Izmjenom Zakona o za\u0161titi i o\u010duvanju kulturnih dobara, &quot;Nika&quot; je 2008. dobila rje\u0161enje po kojemu ima svojstvo kulturnog dobra. Pod za\u0161titom je, me\u0111utim, bila i prije toga kao vrijedan arhitektonski spomenik s po\u010detka 20. stolje\u0107a. Izgra\u0111ena je 1902. u secesijskom stilu kao obiteljska vila dr. Petra Kambera, koji je 1928. uz nju otvorio i hotel &quot;Palace&quot;. U osnovi kvadratnog oblika, vila ima podrum od 45 \u010detvornih metara te dvije eta\u017ee i potkrovlje pojedina\u010dne kvadrature 99 kvadrata.<\/p>\n<p>Grad je &quot;Niku&quot; preuzeo od &quot;Ka\u0161telanske rivijere&quot; na temelju nagodbe iz 2005. godine na ime duga komunalne naknade od 4,5 milijuna kuna zajedno s vi\u0161e objekata (&quot;Miljenko i Dobrila&quot; u Ka\u0161tel Luk\u0161i\u0107u, dio zemlji\u0161ta na kompleksu &quot;Plavi Jadran&quot; u Ka\u0161tel Starom i dio povr\u0161ine od 2273 kvadrata, \u0161to u naravi i predstavlja put uz sjevernu stranu turisti\u010dkog naselja &quot;Resnik&quot;), zbog \u010dega je te\u0161ko utvrditi pojedina\u010dnu vrijednost njezina otkupa.<\/p>\n<p>&nbsp;<\/p>\n","protected":false},"excerpt":{"rendered":"<p>Zapo\u010deli su radovi na sanaciji i kompletnom ure\u0111enju Vile Nika u Ka\u0161tel Starom u \u010diju obnovu Grad Ka\u0161tela ula\u017ee vi\u0161e [&hellip;]<\/p>\n","protected":false},"author":7,"featured_media":5595,"comment_status":"closed","ping_status":"open","sticky":false,"template":"","format":"standard","meta":{"_acf_changed":false,"footnotes":""},"categories":[1],"tags":[],"class_list":["post-5594","post","type-post","status-publish","format-standard","has-post-thumbnail","hentry","category-novosti"],"acf":[],"_links":{"self":[{"href":"https:\/\/kastela.hr\/en\/wp-json\/wp\/v2\/posts\/5594","targetHints":{"allow":["GET"]}}],"collection":[{"href":"https:\/\/kastela.hr\/en\/wp-json\/wp\/v2\/posts"}],"about":[{"href":"https:\/\/kastela.hr\/en\/wp-json\/wp\/v2\/types\/post"}],"author":[{"embeddable":true,"href":"https:\/\/kastela.hr\/en\/wp-json\/wp\/v2\/users\/7"}],"replies":[{"embeddable":true,"href":"https:\/\/kastela.hr\/en\/wp-json\/wp\/v2\/comments?post=5594"}],"version-history":[{"count":1,"href":"https:\/\/kastela.hr\/en\/wp-json\/wp\/v2\/posts\/5594\/revisions"}],"predecessor-version":[{"id":7136,"href":"https:\/\/kastela.hr\/en\/wp-json\/wp\/v2\/posts\/5594\/revisions\/7136"}],"wp:featuredmedia":[{"embeddable":true,"href":"https:\/\/kastela.hr\/en\/wp-json\/wp\/v2\/media\/5595"}],"wp:attachment":[{"href":"https:\/\/kastela.hr\/en\/wp-json\/wp\/v2\/media?parent=5594"}],"wp:term":[{"taxonomy":"category","embeddable":true,"href":"https:\/\/kastela.hr\/en\/wp-json\/wp\/v2\/categories?post=5594"},{"taxonomy":"post_tag","embeddable":true,"href":"https:\/\/kastela.hr\/en\/wp-json\/wp\/v2\/tags?post=5594"}],"curies":[{"name":"wp","href":"https:\/\/api.w.org\/{rel}","templated":true}]}}